{"id":12527,"date":"2021-05-09T22:43:45","date_gmt":"2021-05-09T22:43:45","guid":{"rendered":"https:\/\/arroyitoonline.com.ar\/?p=12527"},"modified":"2021-05-09T22:45:09","modified_gmt":"2021-05-09T22:45:09","slug":"despues-de-una-rina-se-dieron-cuenta-de-que-les-faltaban-las-billeteras","status":"publish","type":"post","link":"https:\/\/arroyitoonline.com.ar\/?p=12527","title":{"rendered":"Despu\u00e9s de una ri\u00f1a se dieron cuenta de que les faltaban las billeteras"},"content":{"rendered":"\n<p><strong>Adem\u00e1s, uno de los dos hombres presentaba una herida cortante en su cabeza, por lo que fue trasladado al hospital municipal.<\/strong><\/p>\n\n\n\n<p>A las 2:00 horas de hoy domingo, personal policial se constituy\u00f3 en Humberto Primo al 400. All\u00ed entrevistaron a dos hombres quienes manifestaron que, momentos antes, se encontraban en un bar y mantuvieron una ri\u00f1a con un joven que estaba en el lugar.<\/p>\n\n\n\n<p>Al retirarse hacia su domicilio ambos advirtieron el faltante de sus billeteras, documentaci\u00f3n personal y un celular marca Sony. <\/p>\n\n\n\n<p>Adem\u00e1s, uno de ellos presentaba una herida cortante en su cabeza, por lo que se hizo presente en el lugar la ambulancia, que lo traslado al Hospital Municipal Carlos Rodr\u00edguez, para practicarle curaciones.<\/p>\n\n\n\n<p>Se realizaron las actuaciones de rigor con conocimiento de la Fiscal\u00eda de Instrucci\u00f3n de Arroyito.<\/p>\n\n\n\n<p>Fuente: secci\u00f3n Prensa UR Departamental San Justo. <\/p>\n","protected":false},"excerpt":{"rendered":"<p>Adem\u00e1s, uno de los dos hombres presentaba una herida cortante en su cabeza, por lo que fue trasladado al hospital&hellip;<\/p>\n","protected":false},"author":3,"featured_media":8868,"comment_status":"closed","ping_status":"open","sticky":false,"template":"","format":"standard","meta":{"footnotes":""},"categories":[8],"tags":[66,67,836,426,1177,572,637,638,825,1210,693],"class_list":["post-12527","post","type-post","status-publish","format-standard","has-post-thumbnail","hentry","category-politica","tag-arroyito","tag-arroyito-cordoba","tag-arroyito-online","tag-hospital","tag-hospital-municipal-carlos-j-rodriguez","tag-noticias-de-arroyito-y-zona","tag-policiales","tag-policiales-arroyito","tag-policiales-online","tag-rina","tag-robo"],"_links":{"self":[{"href":"https:\/\/arroyitoonline.com.ar\/index.php?rest_route=\/wp\/v2\/posts\/12527","targetHints":{"allow":["GET"]}}],"collection":[{"href":"https:\/\/arroyitoonline.com.ar\/index.php?rest_route=\/wp\/v2\/posts"}],"about":[{"href":"https:\/\/arroyitoonline.com.ar\/index.php?rest_route=\/wp\/v2\/types\/post"}],"author":[{"embeddable":true,"href":"https:\/\/arroyitoonline.com.ar\/index.php?rest_route=\/wp\/v2\/users\/3"}],"replies":[{"embeddable":true,"href":"https:\/\/arroyitoonline.com.ar\/index.php?rest_route=%2Fwp%2Fv2%2Fcomments&post=12527"}],"version-history":[{"count":1,"href":"https:\/\/arroyitoonline.com.ar\/index.php?rest_route=\/wp\/v2\/posts\/12527\/revisions"}],"predecessor-version":[{"id":12528,"href":"https:\/\/arroyitoonline.com.ar\/index.php?rest_route=\/wp\/v2\/posts\/12527\/revisions\/12528"}],"wp:featuredmedia":[{"embeddable":true,"href":"https:\/\/arroyitoonline.com.ar\/index.php?rest_route=\/wp\/v2\/media\/8868"}],"wp:attachment":[{"href":"https:\/\/arroyitoonline.com.ar\/index.php?rest_route=%2Fwp%2Fv2%2Fmedia&parent=12527"}],"wp:term":[{"taxonomy":"category","embeddable":true,"href":"https:\/\/arroyitoonline.com.ar\/index.php?rest_route=%2Fwp%2Fv2%2Fcategories&post=12527"},{"taxonomy":"post_tag","embeddable":true,"href":"https:\/\/arroyitoonline.com.ar\/index.php?rest_route=%2Fwp%2Fv2%2Ftags&post=12527"}],"curies":[{"name":"wp","href":"https:\/\/api.w.org\/{rel}","templated":true}]}}