{"id":12545,"date":"2021-05-11T22:51:52","date_gmt":"2021-05-11T22:51:52","guid":{"rendered":"https:\/\/arroyitoonline.com.ar\/?p=12545"},"modified":"2021-05-11T22:51:55","modified_gmt":"2021-05-11T22:51:55","slug":"un-hombre-fue-aprehendido-por-agresion-a-su-pareja-pero-quedo-detenido-por-robo","status":"publish","type":"post","link":"https:\/\/arroyitoonline.com.ar\/?p=12545","title":{"rendered":"Un hombre fue aprehendido por agresi\u00f3n a su pareja, pero qued\u00f3 detenido por robo"},"content":{"rendered":"\n<p><strong>Le secuestraron su Fiat 125 y un tel\u00e9fono celular, elementos que estar\u00edan relacionados a la causa que se investiga.<\/strong><\/p>\n\n\n\n<p>A las 23:30 horas de ayer, personal policial se constituy\u00f3 en un domicilio de V\u00e9lez Sarsfield al 900, donde habr\u00eda un problema familiar.<\/p>\n\n\n\n<p>Cuando la Polic\u00eda lleg\u00f3 al lugar observ\u00f3 que un hombre agred\u00eda f\u00edsicamente y amenazaba a su pareja. Por lo que procedi\u00f3 a la aprehensi\u00f3n del joven de 22 a\u00f1os, domiciliado en la ciudad de Las Varillas.<\/p>\n\n\n\n<p>El sujeto fue trasladado a la Comisar\u00eda local, donde qued\u00f3 alojado a disposici\u00f3n de la Fiscal\u00eda de Instrucci\u00f3n local que, luego, orden\u00f3 que el agresor quede alojado por supuesto autor de robo.<\/p>\n\n\n\n<p>Adem\u00e1s fue secuestrado su veh\u00edculo marca Fiat 125 y un tel\u00e9fono celular, elementos que estar\u00edan relacionados a la causa que se investiga.<\/p>\n\n\n\n<p>Fuente: secci\u00f3n Prensa UR Departamental San Justo. <\/p>\n","protected":false},"excerpt":{"rendered":"<p>Le secuestraron su Fiat 125 y un tel\u00e9fono celular, elementos que estar\u00edan relacionados a la causa que se investiga. A&hellip;<\/p>\n","protected":false},"author":3,"featured_media":8867,"comment_status":"closed","ping_status":"open","sticky":false,"template":"","format":"standard","meta":{"footnotes":""},"categories":[824],"tags":[66,67,836,572,635,637,638,825,693,808,809,810],"class_list":["post-12545","post","type-post","status-publish","format-standard","has-post-thumbnail","hentry","category-policiales-online","tag-arroyito","tag-arroyito-cordoba","tag-arroyito-online","tag-noticias-de-arroyito-y-zona","tag-policia","tag-policiales","tag-policiales-arroyito","tag-policiales-online","tag-robo","tag-violencia","tag-violencia-de-genero","tag-violencia-familiar"],"_links":{"self":[{"href":"https:\/\/arroyitoonline.com.ar\/index.php?rest_route=\/wp\/v2\/posts\/12545","targetHints":{"allow":["GET"]}}],"collection":[{"href":"https:\/\/arroyitoonline.com.ar\/index.php?rest_route=\/wp\/v2\/posts"}],"about":[{"href":"https:\/\/arroyitoonline.com.ar\/index.php?rest_route=\/wp\/v2\/types\/post"}],"author":[{"embeddable":true,"href":"https:\/\/arroyitoonline.com.ar\/index.php?rest_route=\/wp\/v2\/users\/3"}],"replies":[{"embeddable":true,"href":"https:\/\/arroyitoonline.com.ar\/index.php?rest_route=%2Fwp%2Fv2%2Fcomments&post=12545"}],"version-history":[{"count":1,"href":"https:\/\/arroyitoonline.com.ar\/index.php?rest_route=\/wp\/v2\/posts\/12545\/revisions"}],"predecessor-version":[{"id":12546,"href":"https:\/\/arroyitoonline.com.ar\/index.php?rest_route=\/wp\/v2\/posts\/12545\/revisions\/12546"}],"wp:featuredmedia":[{"embeddable":true,"href":"https:\/\/arroyitoonline.com.ar\/index.php?rest_route=\/wp\/v2\/media\/8867"}],"wp:attachment":[{"href":"https:\/\/arroyitoonline.com.ar\/index.php?rest_route=%2Fwp%2Fv2%2Fmedia&parent=12545"}],"wp:term":[{"taxonomy":"category","embeddable":true,"href":"https:\/\/arroyitoonline.com.ar\/index.php?rest_route=%2Fwp%2Fv2%2Fcategories&post=12545"},{"taxonomy":"post_tag","embeddable":true,"href":"https:\/\/arroyitoonline.com.ar\/index.php?rest_route=%2Fwp%2Fv2%2Ftags&post=12545"}],"curies":[{"name":"wp","href":"https:\/\/api.w.org\/{rel}","templated":true}]}}