{"id":12562,"date":"2021-05-14T02:41:22","date_gmt":"2021-05-14T02:41:22","guid":{"rendered":"https:\/\/arroyitoonline.com.ar\/?p=12562"},"modified":"2021-05-14T02:41:28","modified_gmt":"2021-05-14T02:41:28","slug":"covid-19-en-arroyito-hoy-se-registraron-70-nuevos-casos-y-crece-la-curva-de-contagios","status":"publish","type":"post","link":"https:\/\/arroyitoonline.com.ar\/?p=12562","title":{"rendered":"Covid-19 en Arroyito: hoy se registraron 70 nuevos casos y crece la curva de contagios"},"content":{"rendered":"\n<p><strong>Son 294 los positivos activos<\/strong>. <strong>Adem\u00e1s, 21 personas recibieron alta m\u00e9dica, haciendo un total de 1875 pacientes recuperados.<\/strong><\/p>\n\n\n\n<p>Seg\u00fan lo inform\u00f3 el CEA, hoy se registraron 70 nuevos casos de\u00a0covid-19\u00a0en Arroyito, elevando la cifra total a 294 positivos activos; marcando un nuevo r\u00e9cord de contagios diarios.<\/p>\n\n\n\n<p>Adem\u00e1s, este jueves se recuperaron 21 personas recibiendo alta m\u00e9dica. El n\u00famero de pacientes recuperados hasta el momento es de 1875.<\/p>\n\n\n\n<p>Desde que comenz\u00f3 la emergencia sanitaria se contabiliza un total de 2217 casos (sumando los actuales activos, recuperados y 48 decesos).<\/p>\n","protected":false},"excerpt":{"rendered":"<p>Son 294 los positivos activos. Adem\u00e1s, 21 personas recibieron alta m\u00e9dica, haciendo un total de 1875 pacientes recuperados. Seg\u00fan lo&hellip;<\/p>\n","protected":false},"author":3,"featured_media":12552,"comment_status":"closed","ping_status":"open","sticky":false,"template":"","format":"standard","meta":{"footnotes":""},"categories":[9],"tags":[66,67,836,1143,1149,1108,1152,1167,1102,1160,572],"class_list":["post-12562","post","type-post","status-publish","format-standard","has-post-thumbnail","hentry","category-infosalud","tag-arroyito","tag-arroyito-cordoba","tag-arroyito-online","tag-barbijo","tag-centro-de-emergencias-de-arroyito","tag-coronavirus","tag-covid-19","tag-distanciamiento-social-preventivo-y-obligatorio","tag-gobierno-municipal","tag-hisopados","tag-noticias-de-arroyito-y-zona"],"_links":{"self":[{"href":"https:\/\/arroyitoonline.com.ar\/index.php?rest_route=\/wp\/v2\/posts\/12562","targetHints":{"allow":["GET"]}}],"collection":[{"href":"https:\/\/arroyitoonline.com.ar\/index.php?rest_route=\/wp\/v2\/posts"}],"about":[{"href":"https:\/\/arroyitoonline.com.ar\/index.php?rest_route=\/wp\/v2\/types\/post"}],"author":[{"embeddable":true,"href":"https:\/\/arroyitoonline.com.ar\/index.php?rest_route=\/wp\/v2\/users\/3"}],"replies":[{"embeddable":true,"href":"https:\/\/arroyitoonline.com.ar\/index.php?rest_route=%2Fwp%2Fv2%2Fcomments&post=12562"}],"version-history":[{"count":1,"href":"https:\/\/arroyitoonline.com.ar\/index.php?rest_route=\/wp\/v2\/posts\/12562\/revisions"}],"predecessor-version":[{"id":12563,"href":"https:\/\/arroyitoonline.com.ar\/index.php?rest_route=\/wp\/v2\/posts\/12562\/revisions\/12563"}],"wp:featuredmedia":[{"embeddable":true,"href":"https:\/\/arroyitoonline.com.ar\/index.php?rest_route=\/wp\/v2\/media\/12552"}],"wp:attachment":[{"href":"https:\/\/arroyitoonline.com.ar\/index.php?rest_route=%2Fwp%2Fv2%2Fmedia&parent=12562"}],"wp:term":[{"taxonomy":"category","embeddable":true,"href":"https:\/\/arroyitoonline.com.ar\/index.php?rest_route=%2Fwp%2Fv2%2Fcategories&post=12562"},{"taxonomy":"post_tag","embeddable":true,"href":"https:\/\/arroyitoonline.com.ar\/index.php?rest_route=%2Fwp%2Fv2%2Ftags&post=12562"}],"curies":[{"name":"wp","href":"https:\/\/api.w.org\/{rel}","templated":true}]}}