{"id":12576,"date":"2021-05-16T18:13:32","date_gmt":"2021-05-16T18:13:32","guid":{"rendered":"https:\/\/arroyitoonline.com.ar\/?p=12576"},"modified":"2021-05-16T18:13:33","modified_gmt":"2021-05-16T18:13:33","slug":"agredio-a-una-mujer-con-la-que-tenia-prohibicion-de-contacto-y-la-policia-lo-detuvo","status":"publish","type":"post","link":"https:\/\/arroyitoonline.com.ar\/?p=12576","title":{"rendered":"Agredi\u00f3 a una mujer con la que ten\u00eda prohibici\u00f3n de contacto y la Polic\u00eda lo detuvo"},"content":{"rendered":"\n<p><strong>El joven de 28 a\u00f1os le quit\u00f3 su celular y las llaves de su casa y la agredi\u00f3 de forma verbal.<\/strong><\/p>\n\n\n\n<p>A las 15:40 horas del viernes pasado, personal policial se encontraba realizando patrullajes preventivos. En ese marco, uniformados observaron a joven que se conduc\u00eda en una moto de color roja, estacionarse al lado de una mujer que andaba caminando, mientras la agred\u00eda de manera verbal.<\/p>\n\n\n\n<p>Ante esta situaci\u00f3n, la Polic\u00eda identific\u00f3 a ambos manifestando ella, de 26 a\u00f1os, que \u00e9l, de 28, tiene prohibici\u00f3n de contacto y que, momentos antes, le hab\u00eda quitado su tel\u00e9fono celular y las llaves de su casa. Por este motivo, la joven se dirig\u00eda a realizar la denuncia cuando el sujeto la intercept\u00f3.<\/p>\n\n\n\n<p>De forma inmediata, \u00e9l fue aprehendido y, al momento del registro del rodado, se observ\u00f3 que en la baulera se encontraban los elementos mencionados.<\/p>\n\n\n\n<p>Luego se lo traslad\u00f3 a sede policial donde qued\u00f3 alojado a disposici\u00f3n de la Fiscal\u00eda Instrucci\u00f3n de Arroyito.<\/p>\n\n\n\n<p>Fuente: secci\u00f3n Prensa UR Departamental San Justo.<\/p>\n","protected":false},"excerpt":{"rendered":"<p>El joven de 28 a\u00f1os le quit\u00f3 su celular y las llaves de su casa y la agredi\u00f3 de forma&hellip;<\/p>\n","protected":false},"author":3,"featured_media":8868,"comment_status":"closed","ping_status":"open","sticky":false,"template":"","format":"standard","meta":{"footnotes":""},"categories":[824],"tags":[37,66,67,836,1086,572,635,637,638,825,808,809],"class_list":["post-12576","post","type-post","status-publish","format-standard","has-post-thumbnail","hentry","category-policiales-online","tag-agresion","tag-arroyito","tag-arroyito-cordoba","tag-arroyito-online","tag-moto","tag-noticias-de-arroyito-y-zona","tag-policia","tag-policiales","tag-policiales-arroyito","tag-policiales-online","tag-violencia","tag-violencia-de-genero"],"_links":{"self":[{"href":"https:\/\/arroyitoonline.com.ar\/index.php?rest_route=\/wp\/v2\/posts\/12576","targetHints":{"allow":["GET"]}}],"collection":[{"href":"https:\/\/arroyitoonline.com.ar\/index.php?rest_route=\/wp\/v2\/posts"}],"about":[{"href":"https:\/\/arroyitoonline.com.ar\/index.php?rest_route=\/wp\/v2\/types\/post"}],"author":[{"embeddable":true,"href":"https:\/\/arroyitoonline.com.ar\/index.php?rest_route=\/wp\/v2\/users\/3"}],"replies":[{"embeddable":true,"href":"https:\/\/arroyitoonline.com.ar\/index.php?rest_route=%2Fwp%2Fv2%2Fcomments&post=12576"}],"version-history":[{"count":1,"href":"https:\/\/arroyitoonline.com.ar\/index.php?rest_route=\/wp\/v2\/posts\/12576\/revisions"}],"predecessor-version":[{"id":12577,"href":"https:\/\/arroyitoonline.com.ar\/index.php?rest_route=\/wp\/v2\/posts\/12576\/revisions\/12577"}],"wp:featuredmedia":[{"embeddable":true,"href":"https:\/\/arroyitoonline.com.ar\/index.php?rest_route=\/wp\/v2\/media\/8868"}],"wp:attachment":[{"href":"https:\/\/arroyitoonline.com.ar\/index.php?rest_route=%2Fwp%2Fv2%2Fmedia&parent=12576"}],"wp:term":[{"taxonomy":"category","embeddable":true,"href":"https:\/\/arroyitoonline.com.ar\/index.php?rest_route=%2Fwp%2Fv2%2Fcategories&post=12576"},{"taxonomy":"post_tag","embeddable":true,"href":"https:\/\/arroyitoonline.com.ar\/index.php?rest_route=%2Fwp%2Fv2%2Ftags&post=12576"}],"curies":[{"name":"wp","href":"https:\/\/api.w.org\/{rel}","templated":true}]}}