{"id":12598,"date":"2021-05-20T02:27:28","date_gmt":"2021-05-20T02:27:28","guid":{"rendered":"https:\/\/arroyitoonline.com.ar\/?p=12598"},"modified":"2021-05-20T02:27:34","modified_gmt":"2021-05-20T02:27:34","slug":"covid-19-en-arroyito-con-135-nuevos-casos-se-establecio-un-record-diario-de-contagios","status":"publish","type":"post","link":"https:\/\/arroyitoonline.com.ar\/?p=12598","title":{"rendered":"Covid-19 en Arroyito: con 135   nuevos casos, se estableci\u00f3 un r\u00e9cord diario de contagios"},"content":{"rendered":"\n<p><strong>97 dieron positivo en el testeo masivo realizado en la sede del Club Seportivo 24 de Septiembre. <\/strong><\/p>\n\n\n\n<p>Seg\u00fan lo inform\u00f3 el CEA, hoy se registraron 135 nuevos casos de\u00a0covid-19\u00a0en Arroyito, elevando la cifra total a 451 positivos activos, estableciendo un nuevo r\u00e9cord diario de contagios. 97 de estos nuevos casos, corresponden al testeo masivo realizado esta ma\u00f1ana en la sede del Club Sportivo 24 de Septiembre.<\/p>\n\n\n\n<p>Adem\u00e1s, este mi\u00e9rcoles se recuperaron 45 personas recibiendo alta m\u00e9dica. El n\u00famero de pacientes recuperados hasta el momento es de 2031.<\/p>\n\n\n\n<p>Desde que comenz\u00f3 la emergencia sanitaria se contabiliza un total de 2531 casos (sumando los actuales activos, recuperados y 49 decesos).<\/p>\n","protected":false},"excerpt":{"rendered":"<p>97 dieron positivo en el testeo masivo realizado en la sede del Club Seportivo 24 de Septiembre. Seg\u00fan lo inform\u00f3&hellip;<\/p>\n","protected":false},"author":3,"featured_media":12552,"comment_status":"closed","ping_status":"open","sticky":false,"template":"","format":"standard","meta":{"footnotes":""},"categories":[9],"tags":[66,67,836,1143,1149,1108,1152,1167,1102,1160,572],"class_list":["post-12598","post","type-post","status-publish","format-standard","has-post-thumbnail","hentry","category-infosalud","tag-arroyito","tag-arroyito-cordoba","tag-arroyito-online","tag-barbijo","tag-centro-de-emergencias-de-arroyito","tag-coronavirus","tag-covid-19","tag-distanciamiento-social-preventivo-y-obligatorio","tag-gobierno-municipal","tag-hisopados","tag-noticias-de-arroyito-y-zona"],"_links":{"self":[{"href":"https:\/\/arroyitoonline.com.ar\/index.php?rest_route=\/wp\/v2\/posts\/12598","targetHints":{"allow":["GET"]}}],"collection":[{"href":"https:\/\/arroyitoonline.com.ar\/index.php?rest_route=\/wp\/v2\/posts"}],"about":[{"href":"https:\/\/arroyitoonline.com.ar\/index.php?rest_route=\/wp\/v2\/types\/post"}],"author":[{"embeddable":true,"href":"https:\/\/arroyitoonline.com.ar\/index.php?rest_route=\/wp\/v2\/users\/3"}],"replies":[{"embeddable":true,"href":"https:\/\/arroyitoonline.com.ar\/index.php?rest_route=%2Fwp%2Fv2%2Fcomments&post=12598"}],"version-history":[{"count":1,"href":"https:\/\/arroyitoonline.com.ar\/index.php?rest_route=\/wp\/v2\/posts\/12598\/revisions"}],"predecessor-version":[{"id":12599,"href":"https:\/\/arroyitoonline.com.ar\/index.php?rest_route=\/wp\/v2\/posts\/12598\/revisions\/12599"}],"wp:featuredmedia":[{"embeddable":true,"href":"https:\/\/arroyitoonline.com.ar\/index.php?rest_route=\/wp\/v2\/media\/12552"}],"wp:attachment":[{"href":"https:\/\/arroyitoonline.com.ar\/index.php?rest_route=%2Fwp%2Fv2%2Fmedia&parent=12598"}],"wp:term":[{"taxonomy":"category","embeddable":true,"href":"https:\/\/arroyitoonline.com.ar\/index.php?rest_route=%2Fwp%2Fv2%2Fcategories&post=12598"},{"taxonomy":"post_tag","embeddable":true,"href":"https:\/\/arroyitoonline.com.ar\/index.php?rest_route=%2Fwp%2Fv2%2Ftags&post=12598"}],"curies":[{"name":"wp","href":"https:\/\/api.w.org\/{rel}","templated":true}]}}