{"id":12608,"date":"2021-05-21T14:49:54","date_gmt":"2021-05-21T14:49:54","guid":{"rendered":"https:\/\/arroyitoonline.com.ar\/?p=12608"},"modified":"2021-05-21T14:53:02","modified_gmt":"2021-05-21T14:53:02","slug":"descanso-dominical-la-corte-suprema-declaro-valido-prohibir-que-los-supermercados-abran-los-domingos","status":"publish","type":"post","link":"https:\/\/arroyitoonline.com.ar\/?p=12608","title":{"rendered":"Descanso dominical: la Corte Suprema declar\u00f3 v\u00e1lido prohibir que los supermercados abran los domingos"},"content":{"rendered":"\n<p><strong>Por tres votos contra dos, el m\u00e1ximo tribunal rechaz\u00f3 un planteo de un comercio chino de Arroyito. Lo resuelto podr\u00eda impactar en el resto del pa\u00eds.<\/strong><\/p>\n\n\n\n<p>La&nbsp;<strong>Corte Suprema de Justicia<\/strong>&nbsp;dijo que&nbsp;<strong>es v\u00e1lida la Ordenanza Municipal de nuestra ciudad llamada &#8220;Descanso dominical del trabajador&#8221;, que proh\u00edbe que los supermercados abran los domingos<\/strong>.<\/p>\n\n\n\n<p>Si bien la decisi\u00f3n del m\u00e1ximo tribunal se refiere al caso de un supermercado chino local, al que esta norma le imped\u00eda funcionar los domingos, tiene impacto en todo el sector de los supermercados y los hipermercados.<\/p>\n\n\n\n<p>La decisi\u00f3n de la Corte fue tomada&nbsp;<strong>por mayor\u00eda<\/strong>, con las firmas de los jueces<strong>&nbsp;Juan Carlos Maqueda, Horacio Rosatti&nbsp;<\/strong>y&nbsp;<strong>Ricardo Lorenzetti<\/strong>, quienes dijeron que era v\u00e1lida la ordenanza 1660\/14 de la Municipalidad de Arroyito, por la que se dispuso que los supermercados de ciertas superficies deber\u00edan permanecer cerrados los domingos para favorecer la vida familiar de sus trabajadores.<\/p>\n\n\n\n<p>En disidencia, los&nbsp;<strong>jueces Carlos Rosenkrantz y Elena Highton<\/strong>&nbsp;<strong>de Nolasco<\/strong> sostuvieron que la ordenanza era inconstitucional porque la regulaci\u00f3n del descanso dominical corresponde solo al Congreso de la Naci\u00f3n.<\/p>\n\n\n\n<p>La norma municipal hab\u00eda sido dictada en 2014 y solo exceptuaba de la prohibici\u00f3n a los minimercados que fueran atendidos por sus due\u00f1os.<\/p>\n\n\n\n<p>Jing Shi, titular de un supermercado chino afectado por la ordenanza, cuestion\u00f3 la constitucionalidad de esa resoluci\u00f3n, porque entendi\u00f3 que la municipalidad hab\u00eda regulado una actividad excediendo el l\u00edmite de sus atribuciones. El Tribunal Superior de de Justicia de C\u00f3rdoba le dio la raz\u00f3n y declar\u00f3 la inconstitucionalidad de la ordenanza, pero la municipalidad cuestion\u00f3 esa decisi\u00f3n mediante un recurso extraordinario y el caso lleg\u00f3 a la Corte, que convoc\u00f3 a una audiencia p\u00fablica en 2019 para escuchar a todas las partes interesadas.<\/p>\n\n\n\n<p>Ayer, la mayor\u00eda de la Corte respald\u00f3 la decisi\u00f3n de la municipalidad y convalid\u00f3 la ordenanza, reivindicando el margen de la autonom\u00eda local. El voto mayoritario destac\u00f3 que si bien el poder de autodeterminaci\u00f3n municipal se inscribe en el de las provincias, se debe coordinar el ejercicio de los poderes de forma tal que se garantice <em>\u201cel mayor grado posible de atribuciones municipales\u201d<\/em>.<\/p>\n\n\n\n<p><strong>Las leyes provinciales no pueden privar a los municipios de las atribuciones m\u00ednimas necesarias para desempe\u00f1ar su cometido, dijo la Corte<\/strong>&nbsp;y ejemplific\u00f3 que si los municipios se encontrasen sujetos a las decisiones de una autoridad extra\u00f1a -aunque se tratara de la provincial- podr\u00edan impedirles <em>\u201cdesarrollar su acci\u00f3n espec\u00edfica\u201d<\/em>.<\/p>\n\n\n\n<p>En Arroyito, dijeron los jueces, predominan relaciones sociales propias de una <em>\u201ccomunidad\u201d<\/em>, con la costumbre del descanso dominical para favorecer la integraci\u00f3n familiar. Y esas decisiones se tomaron merced a la participaci\u00f3n vecinal, que hizo pesar su mirada en la sanci\u00f3n de la norma local. <em>\u201cEn el debate y la deliberaci\u00f3n p\u00fablica desarrollada en la escala local se consolid\u00f3 la idea fundamental de participaci\u00f3n y decisi\u00f3n democr\u00e1tica, afianz\u00e1ndose de este modo el valor epistemol\u00f3gico de la democracia deliberativa\u201d<\/em>, dijeron los jueces.<\/p>\n\n\n\n<p>Decidir en contrario ser\u00eda, afirmaron, <em>\u201cdesconocer los aspectos inherentes a la vida cotidiana de una comunidad peque\u00f1a, e intentar imponerle una l\u00f3gica que le es ajena, si bien tal vez propia de las grandes ciudades\u201d<\/em>.<\/p>\n\n\n\n<p>La Corte record\u00f3 en su fallo que la ordenanza, en sus considerandos, dice que obedece a<strong>&nbsp;una necesidad de car\u00e1cter humanitario&nbsp;<\/strong>porque los trabajadores necesitan un descanso dominical, que favorece el equilibrio <em>\u201claboral-familiar\u201d<\/em>; tambi\u00e9n, que as\u00ed se <em>\u201crespeta la tradici\u00f3n\u201d<\/em> de los domingos y <em>\u201cla posibilidad de mantener y sostener el v\u00ednculo familiar\u201d<\/em>.<\/p>\n\n\n\n<h2 class=\"wp-block-heading\">El voto de la minor\u00eda<\/h2>\n\n\n\n<p>En disidencia, los jueces<strong>&nbsp;Rosenkrantz y Highton&nbsp;<\/strong>sostuvieron que el recurso extraordinario presentado por la municipalidad no cumpl\u00eda con los recaudos formales y afirmaron que la regulaci\u00f3n del descanso dominical le corresponde \u00fanicamente al Congreso.<\/p>\n\n\n\n<p>El voto de la minor\u00eda sostuvo que al regular el descanso dominical, la municipalidad invadi\u00f3 una competencia del Congreso, ya que todo lo que queda comprendido en el derecho del trabajo y la seguridad social es parte integrante del derecho de fondo.<\/p>\n\n\n\n<p>El Congreso -dijeron-, a trav\u00e9s de un decreto ratificado por la ley 24.307, <em>\u201csuprimi\u00f3 toda restricci\u00f3n de d\u00edas de trabajo, sin perjuicio de los derechos individuales del trabajador\u201d<\/em>.<\/p>\n\n\n\n<p>Fuente: <a href=\"https:\/\/www.lanacion.com.ar\/autor\/hernan-cappiello-154\/\">Hern\u00e1n Cappiello<\/a>, para La Naci\u00f3n. <\/p>\n\n\n\n<p><strong>Repercusiones<\/strong><\/p>\n\n\n\n<p>Luego de conocerse la noticia, el intendente al momento de la sanci\u00f3n de la ordenanza, hoy concejal <strong>Mauricio Cravero<\/strong>, expres\u00f3 su alegr\u00eda en las redes sociales. <\/p>\n\n\n\n<div class=\"wp-block-image\"><figure class=\"aligncenter size-large\"><img loading=\"lazy\" decoding=\"async\" width=\"504\" height=\"336\" src=\"https:\/\/arroyitoonline.com.ar\/wp-content\/uploads\/2021\/05\/publicaci\u00f3n-cravero-descanso-dominical.png\" alt=\"\" class=\"wp-image-12609\" srcset=\"https:\/\/arroyitoonline.com.ar\/wp-content\/uploads\/2021\/05\/publicaci\u00f3n-cravero-descanso-dominical.png 504w, https:\/\/arroyitoonline.com.ar\/wp-content\/uploads\/2021\/05\/publicaci\u00f3n-cravero-descanso-dominical-300x200.png 300w\" sizes=\"auto, (max-width: 504px) 100vw, 504px\" \/><\/figure><\/div>\n\n\n\n<p>El exprimer mandatario local se mostr\u00f3 contento, ya que la Corte <em>&#8220;ha ratificado un pacto de convivencia social de los habitantes de Arroyito&#8221;<\/em> y dijo que <em>&#8220;hicimos historia&#8221;<\/em>. <\/p>\n\n\n\n<div class=\"wp-block-image\"><figure class=\"aligncenter size-large\"><img loading=\"lazy\" decoding=\"async\" width=\"540\" height=\"664\" src=\"https:\/\/arroyitoonline.com.ar\/wp-content\/uploads\/2021\/05\/cravero-corte-suprema.jpg\" alt=\"\" class=\"wp-image-12610\" srcset=\"https:\/\/arroyitoonline.com.ar\/wp-content\/uploads\/2021\/05\/cravero-corte-suprema.jpg 540w, https:\/\/arroyitoonline.com.ar\/wp-content\/uploads\/2021\/05\/cravero-corte-suprema-244x300.jpg 244w\" sizes=\"auto, (max-width: 540px) 100vw, 540px\" \/><figcaption><em>La imagen que comparti\u00f3 Cravero en sus redes, que acompa\u00f1\u00f3 el posteo del exintendente.<\/em><\/figcaption><\/figure><\/div>\n\n\n\n<p>Por su parte, el edil <strong>Wilson Genesio<\/strong>, autor del proyecto de ordenanza que fue aprobado en 2014, expres\u00f3 que <em>&#8220;Me acuerdo cuando present\u00e9 este proyecto y lo aprobamos. Reconozco que el primer acuerdo fue promovido por el profesor Daniel Santi&#8221;<\/em> y agreg\u00f3 que<em> &#8220;Cuando los due\u00f1os del supermercado chino no firmaron el acuerdo, me reun\u00ed con la mayor\u00eda de los supermercadistas y entendimos que no hab\u00eda otra forma que el acuerdo sea ordenanza: lo estudi\u00e9, me asesor\u00e9, lo arm\u00e9 \u00a1y lo present\u00e9!&#8221;<\/em>.<\/p>\n\n\n\n<p>Por \u00faltimo, en horas de la tarde de ayer,&nbsp;<strong>el intendente Gustavo Benedetti y la presidenta del Centro Comercial e Industrial de Arroyito (CCIA), Valeria Bonetto<\/strong>,se expresaron <strong>respecto al fallo del m\u00e1ximo \u00f3rgano de Justicia de la Naci\u00f3n,<\/strong>&nbsp;que rechaz\u00f3 la demanda interpuesta contra la Municipalidad de Arroyito sobre el descanso dominical.<\/p>\n\n\n\n<p>Seg\u00fan el comunicado del Gobierno Municipal <em>&#8220;la Sentencia de C.S.J.M. tiene dos aristas: una puramente t\u00e9cnica, donde declara constitucional la ordenanza que establece como obligatorio el descanso dominical para los supermercados y, la otra, que dictamina como fundamental de la decisi\u00f3n tomada, el \u201cconsenso social\u201d del acuerdo suscripto en el a\u00f1o 2004, durante la gesti\u00f3n del Intendente Gustavo Benedetti, que fue una verdadera muestra de democracia deliberativa y de participaci\u00f3n comunitaria&#8221;<\/em>.<\/p>\n\n\n\n<p>Lo importante de este fallo es la decisi\u00f3n de todos los sectores de manera horizontal frente a una problem\u00e1tica de la comunidad.<\/p>\n\n\n\n<p><em>&#8220;Arroyito fue pionero en esta decisi\u00f3n y a\u00f1os despu\u00e9s, pasado el proceso judicial, se reafirma que cuando todos los sectores accionan en consenso por el bien com\u00fan, las decisiones de los gobernantes tienen legitimidad jur\u00eddica y social&#8221;<\/em>, cerraron.<\/p>\n","protected":false},"excerpt":{"rendered":"<p>Por tres votos contra dos, el m\u00e1ximo tribunal rechaz\u00f3 un planteo de un comercio chino de Arroyito. Lo resuelto podr\u00eda&hellip;<\/p>\n","protected":false},"author":3,"featured_media":12612,"comment_status":"closed","ping_status":"open","sticky":false,"template":"","format":"standard","meta":{"footnotes":""},"categories":[1111],"tags":[66,67,836,227,993,992,401,478,527,556,572],"class_list":["post-12608","post","type-post","status-publish","format-standard","has-post-thumbnail","hentry","category-justicia","tag-arroyito","tag-arroyito-cordoba","tag-arroyito-online","tag-concejo-deliberante","tag-corte-suprema","tag-descanso-dominical-del-trabajador","tag-genesio","tag-justicia","tag-mauricio-cravero","tag-municipalidad-de-arroyito","tag-noticias-de-arroyito-y-zona"],"_links":{"self":[{"href":"https:\/\/arroyitoonline.com.ar\/index.php?rest_route=\/wp\/v2\/posts\/12608","targetHints":{"allow":["GET"]}}],"collection":[{"href":"https:\/\/arroyitoonline.com.ar\/index.php?rest_route=\/wp\/v2\/posts"}],"about":[{"href":"https:\/\/arroyitoonline.com.ar\/index.php?rest_route=\/wp\/v2\/types\/post"}],"author":[{"embeddable":true,"href":"https:\/\/arroyitoonline.com.ar\/index.php?rest_route=\/wp\/v2\/users\/3"}],"replies":[{"embeddable":true,"href":"https:\/\/arroyitoonline.com.ar\/index.php?rest_route=%2Fwp%2Fv2%2Fcomments&post=12608"}],"version-history":[{"count":2,"href":"https:\/\/arroyitoonline.com.ar\/index.php?rest_route=\/wp\/v2\/posts\/12608\/revisions"}],"predecessor-version":[{"id":12613,"href":"https:\/\/arroyitoonline.com.ar\/index.php?rest_route=\/wp\/v2\/posts\/12608\/revisions\/12613"}],"wp:featuredmedia":[{"embeddable":true,"href":"https:\/\/arroyitoonline.com.ar\/index.php?rest_route=\/wp\/v2\/media\/12612"}],"wp:attachment":[{"href":"https:\/\/arroyitoonline.com.ar\/index.php?rest_route=%2Fwp%2Fv2%2Fmedia&parent=12608"}],"wp:term":[{"taxonomy":"category","embeddable":true,"href":"https:\/\/arroyitoonline.com.ar\/index.php?rest_route=%2Fwp%2Fv2%2Fcategories&post=12608"},{"taxonomy":"post_tag","embeddable":true,"href":"https:\/\/arroyitoonline.com.ar\/index.php?rest_route=%2Fwp%2Fv2%2Ftags&post=12608"}],"curies":[{"name":"wp","href":"https:\/\/api.w.org\/{rel}","templated":true}]}}