{"id":12614,"date":"2021-05-22T02:37:23","date_gmt":"2021-05-22T02:37:23","guid":{"rendered":"https:\/\/arroyitoonline.com.ar\/?p=12614"},"modified":"2021-05-22T02:38:44","modified_gmt":"2021-05-22T02:38:44","slug":"segunda-ola-covid-19-se-suspenden-clases-presenciales-y-actividades-sociales-y-deportivas","status":"publish","type":"post","link":"https:\/\/arroyitoonline.com.ar\/?p=12614","title":{"rendered":"Segunda ola covid-19: se suspenden clases presenciales y actividades sociales y deportivas"},"content":{"rendered":"\n<p><strong>Las medidas, que se tomaron durante una reuni\u00f3n virtual entre autoridades provinciales y locales, regir\u00e1n por nueve d\u00edas. <\/strong><\/p>\n\n\n\n<p>El intendente Gustavo Benedetti junto a representante de instituciones y distintos sectores de la sociedad, autoridades del Ejecutivo y concejales, participaron de un Zoom con funcionarios provinciales. Luego de m\u00e1s de dos horas de reuni\u00f3n virtual, se detall\u00f3 la situaci\u00f3n epidemiol\u00f3gica actual, quedando al aguardo de la notificaci\u00f3n del Decreto Provincial sobre las medidas del DNU Nacional que regir\u00e1n para la provincia de C\u00f3rdoba, en los 427 municipios y comunas que la componen.<\/p>\n\n\n\n<figure class=\"wp-block-image\"><img decoding=\"async\" src=\"https:\/\/www.municipioarroyito.gob.ar\/wp-content\/uploads\/2021\/05\/WhatsApp-Image-2021-05-21-at-9.06.23-PM-1024x616.jpeg\" alt=\"\" class=\"wp-image-33916\"\/><\/figure>\n\n\n\n<p><strong>En el encuentro se dej\u00f3 en claro la adhesi\u00f3n a las suspensiones de actividades deportivas, en clubes, gimnasios y canchas de futbol 5; como as\u00ed tambi\u00e9n de las accioness religiosas, culturales y reuniones familiares en hogares y salones de fiesta; solo permiti\u00e9ndose el deporte individual de manera recreativa al aire libre.&nbsp;<\/strong>Las clases, seg\u00fan dispuso Provincia, ser\u00e1n virtuales para los grupos a los que les correspond\u00edan de este modo la semana pr\u00f3xima (mi\u00e9rcoles, jueves y viernes) y no habr\u00e1 clases presenciales.<br><br><strong>Adem\u00e1s, desde el Gobierno Municipal quedaron al aguardo de la disposici\u00f3n de horarios para actividades esenciales y no esenciales en las jornadas laborables, no feriados, de los pr\u00f3ximos nueve d\u00edas.<\/strong>&nbsp;Las medidas tendr\u00e1n vigencia por nueve d\u00edas, hasta el domingo 30 de mayo, como estableci\u00f3 el presidente de la Naci\u00f3n.<br><br>Por sugerencia del cuerpo legislativo, se decidi\u00f3 que una vez que est\u00e9n publicadas las legislaciones nacional y provincial, se llame al Concejo Deliberante a Sesi\u00f3n Especial para su tratamiento y aplicaci\u00f3n.<br><br>Todas las medidas del Gobierno Nacional y Provincial tienen como objeto la disminuci\u00f3n de la circulaci\u00f3n de personas, para bajar la curva de contagios y mitigar el colapso de los sistemas sanitarios y ocupaci\u00f3n de camas de hospitales y cl\u00ednicas.<br><br>Hoy m\u00e1s que nunca debemos cuidarnos.<\/p>\n","protected":false},"excerpt":{"rendered":"<p>Las medidas, que se tomaron durante una reuni\u00f3n virtual entre autoridades provinciales y locales, regir\u00e1n por nueve d\u00edas. El intendente&hellip;<\/p>\n","protected":false},"author":3,"featured_media":12615,"comment_status":"closed","ping_status":"open","sticky":false,"template":"","format":"standard","meta":{"footnotes":""},"categories":[9],"tags":[66,67,836,1149,1108,1152,404,405,1102,857,572],"class_list":["post-12614","post","type-post","status-publish","format-standard","has-post-thumbnail","hentry","category-infosalud","tag-arroyito","tag-arroyito-cordoba","tag-arroyito-online","tag-centro-de-emergencias-de-arroyito","tag-coronavirus","tag-covid-19","tag-gobierno-de-cordoba","tag-gobierno-de-la-provincia","tag-gobierno-municipal","tag-gobierno-nacional","tag-noticias-de-arroyito-y-zona"],"_links":{"self":[{"href":"https:\/\/arroyitoonline.com.ar\/index.php?rest_route=\/wp\/v2\/posts\/12614","targetHints":{"allow":["GET"]}}],"collection":[{"href":"https:\/\/arroyitoonline.com.ar\/index.php?rest_route=\/wp\/v2\/posts"}],"about":[{"href":"https:\/\/arroyitoonline.com.ar\/index.php?rest_route=\/wp\/v2\/types\/post"}],"author":[{"embeddable":true,"href":"https:\/\/arroyitoonline.com.ar\/index.php?rest_route=\/wp\/v2\/users\/3"}],"replies":[{"embeddable":true,"href":"https:\/\/arroyitoonline.com.ar\/index.php?rest_route=%2Fwp%2Fv2%2Fcomments&post=12614"}],"version-history":[{"count":2,"href":"https:\/\/arroyitoonline.com.ar\/index.php?rest_route=\/wp\/v2\/posts\/12614\/revisions"}],"predecessor-version":[{"id":12617,"href":"https:\/\/arroyitoonline.com.ar\/index.php?rest_route=\/wp\/v2\/posts\/12614\/revisions\/12617"}],"wp:featuredmedia":[{"embeddable":true,"href":"https:\/\/arroyitoonline.com.ar\/index.php?rest_route=\/wp\/v2\/media\/12615"}],"wp:attachment":[{"href":"https:\/\/arroyitoonline.com.ar\/index.php?rest_route=%2Fwp%2Fv2%2Fmedia&parent=12614"}],"wp:term":[{"taxonomy":"category","embeddable":true,"href":"https:\/\/arroyitoonline.com.ar\/index.php?rest_route=%2Fwp%2Fv2%2Fcategories&post=12614"},{"taxonomy":"post_tag","embeddable":true,"href":"https:\/\/arroyitoonline.com.ar\/index.php?rest_route=%2Fwp%2Fv2%2Ftags&post=12614"}],"curies":[{"name":"wp","href":"https:\/\/api.w.org\/{rel}","templated":true}]}}