{"id":12621,"date":"2021-05-24T02:09:36","date_gmt":"2021-05-24T02:09:36","guid":{"rendered":"https:\/\/arroyitoonline.com.ar\/?p=12621"},"modified":"2021-05-24T02:27:14","modified_gmt":"2021-05-24T02:27:14","slug":"gastronomicos-en-contra-de-las-nuevas-restricciones-horarias-impuestas-por-el-municipio","status":"publish","type":"post","link":"https:\/\/arroyitoonline.com.ar\/?p=12621","title":{"rendered":"Gastron\u00f3micos, en contra de las nuevas restricciones horarias impuestas por el Municipio"},"content":{"rendered":"\n<p><strong>Aseguran que <em>&#8220;el movimiento de la ciudad de Arroyito ser\u00e1 el mismo para todos los ciudadanos, excepto para nosotros&#8221;<\/em>.<\/strong><\/p>\n\n\n\n<p>Hoy, bajo el t\u00edtulo <em>&#8220;Descargo de los gastron\u00f3micos de la ciudad de Arroyito&#8221;<\/em>, propietarios de bares y restaurantes compartieron en las redes sociales, un texto manifest\u00e1ndose en contra de las <a href=\"https:\/\/arroyitoonline.com.ar\/info-online\/infosalud\/covid-19-benedetti-explico-como-seran-las-restricciones-en-arroyito\/\" target=\"_blank\" rel=\"noreferrer noopener\">nuevas restricciones horarias impuestas por el Gobierno Municipal<\/a>. <\/p>\n\n\n\n<figure class=\"wp-block-embed-wordpress wp-block-embed is-type-wp-embed is-provider-arroyito-online\"><div class=\"wp-block-embed__wrapper\">\nhttps:\/\/arroyitoonline.com.ar\/info-online\/infosalud\/covid-19-benedetti-explico-como-seran-las-restricciones-en-arroyito\/\n<\/div><\/figure>\n\n\n\n<p>En la publicaci\u00f3n, referentes del rubro aclaran que <em>&#8220;no estamos dispuestos a cerrar o limitarnos a trabajar en la modalidad delivery o take away, cuando el resto de los dem\u00e1s comercios tendr\u00e1n permitido trabajar normalmente (sin respetar el decreto nacional) ocasionando que las personas circulen cotidianamente de 8:00 a 20:00 y, en consecuencia, el movimiento de la ciudad de Arroyito ser\u00e1 el mismo para todos los ciudadanos, excepto para nosotros&#8221;<\/em>. <\/p>\n\n\n\n<div class=\"wp-block-image\"><figure class=\"aligncenter size-large\"><img loading=\"lazy\" decoding=\"async\" width=\"1024\" height=\"1024\" src=\"https:\/\/arroyitoonline.com.ar\/wp-content\/uploads\/2021\/05\/descargo-de-los-gastron\u00f3micos-de-la-ciudad-de-Arroyito-1024x1024.jpg\" alt=\"\" class=\"wp-image-12622\" srcset=\"https:\/\/arroyitoonline.com.ar\/wp-content\/uploads\/2021\/05\/descargo-de-los-gastron\u00f3micos-de-la-ciudad-de-Arroyito-1024x1024.jpg 1024w, https:\/\/arroyitoonline.com.ar\/wp-content\/uploads\/2021\/05\/descargo-de-los-gastron\u00f3micos-de-la-ciudad-de-Arroyito-300x300.jpg 300w, https:\/\/arroyitoonline.com.ar\/wp-content\/uploads\/2021\/05\/descargo-de-los-gastron\u00f3micos-de-la-ciudad-de-Arroyito-150x150.jpg 150w, https:\/\/arroyitoonline.com.ar\/wp-content\/uploads\/2021\/05\/descargo-de-los-gastron\u00f3micos-de-la-ciudad-de-Arroyito-768x768.jpg 768w, https:\/\/arroyitoonline.com.ar\/wp-content\/uploads\/2021\/05\/descargo-de-los-gastron\u00f3micos-de-la-ciudad-de-Arroyito.jpg 1080w\" sizes=\"auto, (max-width: 1024px) 100vw, 1024px\" \/><figcaption><em>El descargo de los gastron\u00f3micos de la ciudad de Arroyito, en el que aseguran que, con las nuevas restricciones horarias, &#8220;el movimiento de la ciudad de Arroyito ser\u00e1 el mismo para todos los ciudadanos, excepto para nosotros&#8221;<\/em>.<\/figcaption><\/figure><\/div>\n\n\n\n<p>Adem\u00e1s, en el descargo, gastron\u00f3micos aseguran que, con las medidas anunciadas por el intendente Benedetti, no habr\u00e1 disminuci\u00f3n real y concreta de la circulaci\u00f3n ni, por consiguiente, de la transmisi\u00f3n y contagios de covid-19.<\/p>\n\n\n\n<p>Por \u00faltimo, explican que est\u00e1n pidiendo <em>&#8220;igualdad de condiciones&#8221;<\/em>, aseverando que <em>&#8220;nada tiene que ver el horario de trabajo, sino que todo tiene que ver con la consciencia de aplicar los protocolos&#8221;<\/em>.<\/p>\n\n\n\n<p>Foto de archivo, solo a modo ilustrativo.<\/p>\n","protected":false},"excerpt":{"rendered":"<p>Aseguran que &#8220;el movimiento de la ciudad de Arroyito ser\u00e1 el mismo para todos los ciudadanos, excepto para nosotros&#8221;. Hoy,&hellip;<\/p>\n","protected":false},"author":3,"featured_media":12623,"comment_status":"closed","ping_status":"open","sticky":false,"template":"","format":"standard","meta":{"footnotes":""},"categories":[996],"tags":[66,67,836,1143,217,1108,1152,1167,399,1102,572],"class_list":["post-12621","post","type-post","status-publish","format-standard","has-post-thumbnail","hentry","category-comercio","tag-arroyito","tag-arroyito-cordoba","tag-arroyito-online","tag-barbijo","tag-comercio","tag-coronavirus","tag-covid-19","tag-distanciamiento-social-preventivo-y-obligatorio","tag-gastronomia","tag-gobierno-municipal","tag-noticias-de-arroyito-y-zona"],"_links":{"self":[{"href":"https:\/\/arroyitoonline.com.ar\/index.php?rest_route=\/wp\/v2\/posts\/12621","targetHints":{"allow":["GET"]}}],"collection":[{"href":"https:\/\/arroyitoonline.com.ar\/index.php?rest_route=\/wp\/v2\/posts"}],"about":[{"href":"https:\/\/arroyitoonline.com.ar\/index.php?rest_route=\/wp\/v2\/types\/post"}],"author":[{"embeddable":true,"href":"https:\/\/arroyitoonline.com.ar\/index.php?rest_route=\/wp\/v2\/users\/3"}],"replies":[{"embeddable":true,"href":"https:\/\/arroyitoonline.com.ar\/index.php?rest_route=%2Fwp%2Fv2%2Fcomments&post=12621"}],"version-history":[{"count":4,"href":"https:\/\/arroyitoonline.com.ar\/index.php?rest_route=\/wp\/v2\/posts\/12621\/revisions"}],"predecessor-version":[{"id":12631,"href":"https:\/\/arroyitoonline.com.ar\/index.php?rest_route=\/wp\/v2\/posts\/12621\/revisions\/12631"}],"wp:featuredmedia":[{"embeddable":true,"href":"https:\/\/arroyitoonline.com.ar\/index.php?rest_route=\/wp\/v2\/media\/12623"}],"wp:attachment":[{"href":"https:\/\/arroyitoonline.com.ar\/index.php?rest_route=%2Fwp%2Fv2%2Fmedia&parent=12621"}],"wp:term":[{"taxonomy":"category","embeddable":true,"href":"https:\/\/arroyitoonline.com.ar\/index.php?rest_route=%2Fwp%2Fv2%2Fcategories&post=12621"},{"taxonomy":"post_tag","embeddable":true,"href":"https:\/\/arroyitoonline.com.ar\/index.php?rest_route=%2Fwp%2Fv2%2Ftags&post=12621"}],"curies":[{"name":"wp","href":"https:\/\/api.w.org\/{rel}","templated":true}]}}