{"id":12643,"date":"2021-05-26T21:19:52","date_gmt":"2021-05-26T21:19:52","guid":{"rendered":"https:\/\/arroyitoonline.com.ar\/?p=12643"},"modified":"2021-05-26T21:19:55","modified_gmt":"2021-05-26T21:19:55","slug":"concejales-oficialistas-con-el-desempate-de-la-viceintendenta-ratificaron-nuevas-restricciones","status":"publish","type":"post","link":"https:\/\/arroyitoonline.com.ar\/?p=12643","title":{"rendered":"Concejales oficialistas con el desempate de la viceintendenta ratificaron nuevas restricciones"},"content":{"rendered":"\n<p><strong>En cambio, los dos Bloques minoritarios, URC y Vecinalismo Independiente, rectificaron el Decreto Provincial que adhiere al DNU Nacional.<\/strong><\/p>\n\n\n\n<p>El lunes 24 de mayo, en el Teatrillo Jos\u00e9 Francisco Guarch, se desarroll\u00f3 una intensa sesi\u00f3n especial del Concejo Deliberante, convocada por el Departamento Ejecutivo Municipal.<\/p>\n\n\n\n<p>En la sesi\u00f3n, que arranc\u00f3 a las 20:30 y culmin\u00f3 pasadas las 23:00 horas, ediles trataron, como \u00fanico punto del orden del d\u00eda, la ratificaci\u00f3n o rectificaci\u00f3n del <strong>Decreto provincial 461\/2021, de adhesi\u00f3n al DNU Nacional 334\/2021<\/strong>, con las nuevas restricciones horarias para la mitigaci\u00f3n del contagio de covid-19.<\/p>\n\n\n\n<p>Al momento de la votaci\u00f3n, los cuatro oficialistas presentes, Marcelo Ferrero, Jos\u00e9 Luis Colazo, Jaquelina Ver\u00f3n y Alejandra D\u00edaz -Jorge Amantini, presidente del Bloque Todos Juntos, se encontraba ausente por haber contra\u00eddo coronavirus- se expidieron a favor de la ratificaci\u00f3n. Mientras que los miembros de los dos Bloques de la Minor\u00eda: Carlos Francisca, Lidia Mart\u00ednez y Mauricio Cravero, de la UCR, y Wilson Genesio, del Vecinalismo Independiente, votaron por la rectificaci\u00f3n. <\/p>\n\n\n\n<p>Ante el empate cuatro contra cuatro, la definici\u00f3n qued\u00f3 en manos de la presidenta del cuerpo deliberativo, viceintendenta Mar\u00eda Jos\u00e9 Esp\u00f3sito, qui\u00e9n aport\u00f3 el quinto voto para la ratificaci\u00f3n, que fue aprobada por mayor\u00eda simple. <\/p>\n\n\n\n<p>Esta situaci\u00f3n deton\u00f3 el enojo, ya palpable, de los presentes en el recinto, comerciantes de los rubros considerados no esenciales, sobre todo gimnasios, centros de actividad f\u00edsica, entretenimiento y esparcimiento. <\/p>\n\n\n\n<p>Referentes de estos negocios locales aportaron sus puntos de vista. En este marco, todos se mostraron molestos porque les dieron la palabra despu\u00e9s de haber sido ratificadas las nuevas restricciones y pidieron que los dejen trabajar, siempre cumpliendo con los protocolos vigentes.<\/p>\n\n\n\n<p>Mir\u00e1 el video con todas las opiniones, en Instagram <a href=\"https:\/\/www.instagram.com\/p\/CPR0ftWH_K7\/\" target=\"_blank\" rel=\"noreferrer noopener\">@arroyitoonlineoficial<\/a><\/p>\n","protected":false},"excerpt":{"rendered":"<p>En cambio, los dos Bloques minoritarios, URC y Vecinalismo Independiente, rectificaron el Decreto Provincial que adhiere al DNU Nacional. El&hellip;<\/p>\n","protected":false},"author":3,"featured_media":12645,"comment_status":"closed","ping_status":"open","sticky":false,"template":"","format":"standard","meta":{"footnotes":""},"categories":[920],"tags":[66,67,836,891,226,227,1108,1152,404,405,1102,857,572],"class_list":["post-12643","post","type-post","status-publish","format-standard","has-post-thumbnail","hentry","category-concejo-deliberante-online","tag-arroyito","tag-arroyito-cordoba","tag-arroyito-online","tag-concejales","tag-concejo","tag-concejo-deliberante","tag-coronavirus","tag-covid-19","tag-gobierno-de-cordoba","tag-gobierno-de-la-provincia","tag-gobierno-municipal","tag-gobierno-nacional","tag-noticias-de-arroyito-y-zona"],"_links":{"self":[{"href":"https:\/\/arroyitoonline.com.ar\/index.php?rest_route=\/wp\/v2\/posts\/12643","targetHints":{"allow":["GET"]}}],"collection":[{"href":"https:\/\/arroyitoonline.com.ar\/index.php?rest_route=\/wp\/v2\/posts"}],"about":[{"href":"https:\/\/arroyitoonline.com.ar\/index.php?rest_route=\/wp\/v2\/types\/post"}],"author":[{"embeddable":true,"href":"https:\/\/arroyitoonline.com.ar\/index.php?rest_route=\/wp\/v2\/users\/3"}],"replies":[{"embeddable":true,"href":"https:\/\/arroyitoonline.com.ar\/index.php?rest_route=%2Fwp%2Fv2%2Fcomments&post=12643"}],"version-history":[{"count":1,"href":"https:\/\/arroyitoonline.com.ar\/index.php?rest_route=\/wp\/v2\/posts\/12643\/revisions"}],"predecessor-version":[{"id":12646,"href":"https:\/\/arroyitoonline.com.ar\/index.php?rest_route=\/wp\/v2\/posts\/12643\/revisions\/12646"}],"wp:featuredmedia":[{"embeddable":true,"href":"https:\/\/arroyitoonline.com.ar\/index.php?rest_route=\/wp\/v2\/media\/12645"}],"wp:attachment":[{"href":"https:\/\/arroyitoonline.com.ar\/index.php?rest_route=%2Fwp%2Fv2%2Fmedia&parent=12643"}],"wp:term":[{"taxonomy":"category","embeddable":true,"href":"https:\/\/arroyitoonline.com.ar\/index.php?rest_route=%2Fwp%2Fv2%2Fcategories&post=12643"},{"taxonomy":"post_tag","embeddable":true,"href":"https:\/\/arroyitoonline.com.ar\/index.php?rest_route=%2Fwp%2Fv2%2Ftags&post=12643"}],"curies":[{"name":"wp","href":"https:\/\/api.w.org\/{rel}","templated":true}]}}