{"id":12647,"date":"2021-05-26T22:00:55","date_gmt":"2021-05-26T22:00:55","guid":{"rendered":"https:\/\/arroyitoonline.com.ar\/?p=12647"},"modified":"2021-05-26T22:01:02","modified_gmt":"2021-05-26T22:01:02","slug":"en-una-pelea-hombre-resulto-con-lesiones-graves","status":"publish","type":"post","link":"https:\/\/arroyitoonline.com.ar\/?p=12647","title":{"rendered":"En una pelea, hombre result\u00f3 con lesiones graves"},"content":{"rendered":"\n<p><strong>Fue trasladado a una cl\u00ednica privada, donde le diagnosticaron lesiones de car\u00e1cter grave (fractura de tobillo izquierdo).<\/strong><\/p>\n\n\n\n<p>El domingo pasado, personal policial se encontraban realizando patrullajes por Av. Dalle Mura al 600. <\/p>\n\n\n\n<p>En este marco, un joven de 30 a\u00f1os les manifest\u00f3 a los uniformados que, momentos antes, tuvo un altercado f\u00edsico con otro hombre de 52 a\u00f1os, ambos domiciliados en nuestra ciudad.<\/p>\n\n\n\n<p>Como resultado de esta pelea, termin\u00f3 lesionado este \u00faltimo, que fue trasladado al Hospital Municipal Carlos J. Rodr\u00edguez y luego derivado a una cl\u00ednica privada, donde le diagnosticaron lesiones de car\u00e1cter grave (fractura de tobillo izquierdo).<\/p>\n\n\n\n<p>Por \u00faltimo, se iniciaron las actuaciones de rigor con conocimiento de la Fiscal\u00eda de Instrucci\u00f3n local.<\/p>\n","protected":false},"excerpt":{"rendered":"<p>Fue trasladado a una cl\u00ednica privada, donde le diagnosticaron lesiones de car\u00e1cter grave (fractura de tobillo izquierdo). El domingo pasado,&hellip;<\/p>\n","protected":false},"author":3,"featured_media":9911,"comment_status":"closed","ping_status":"open","sticky":false,"template":"","format":"standard","meta":{"footnotes":""},"categories":[824],"tags":[66,67,836,572,635,637,638,825],"class_list":["post-12647","post","type-post","status-publish","format-standard","has-post-thumbnail","hentry","category-policiales-online","tag-arroyito","tag-arroyito-cordoba","tag-arroyito-online","tag-noticias-de-arroyito-y-zona","tag-policia","tag-policiales","tag-policiales-arroyito","tag-policiales-online"],"_links":{"self":[{"href":"https:\/\/arroyitoonline.com.ar\/index.php?rest_route=\/wp\/v2\/posts\/12647","targetHints":{"allow":["GET"]}}],"collection":[{"href":"https:\/\/arroyitoonline.com.ar\/index.php?rest_route=\/wp\/v2\/posts"}],"about":[{"href":"https:\/\/arroyitoonline.com.ar\/index.php?rest_route=\/wp\/v2\/types\/post"}],"author":[{"embeddable":true,"href":"https:\/\/arroyitoonline.com.ar\/index.php?rest_route=\/wp\/v2\/users\/3"}],"replies":[{"embeddable":true,"href":"https:\/\/arroyitoonline.com.ar\/index.php?rest_route=%2Fwp%2Fv2%2Fcomments&post=12647"}],"version-history":[{"count":1,"href":"https:\/\/arroyitoonline.com.ar\/index.php?rest_route=\/wp\/v2\/posts\/12647\/revisions"}],"predecessor-version":[{"id":12648,"href":"https:\/\/arroyitoonline.com.ar\/index.php?rest_route=\/wp\/v2\/posts\/12647\/revisions\/12648"}],"wp:featuredmedia":[{"embeddable":true,"href":"https:\/\/arroyitoonline.com.ar\/index.php?rest_route=\/wp\/v2\/media\/9911"}],"wp:attachment":[{"href":"https:\/\/arroyitoonline.com.ar\/index.php?rest_route=%2Fwp%2Fv2%2Fmedia&parent=12647"}],"wp:term":[{"taxonomy":"category","embeddable":true,"href":"https:\/\/arroyitoonline.com.ar\/index.php?rest_route=%2Fwp%2Fv2%2Fcategories&post=12647"},{"taxonomy":"post_tag","embeddable":true,"href":"https:\/\/arroyitoonline.com.ar\/index.php?rest_route=%2Fwp%2Fv2%2Ftags&post=12647"}],"curies":[{"name":"wp","href":"https:\/\/api.w.org\/{rel}","templated":true}]}}