{"id":12657,"date":"2021-05-27T14:25:24","date_gmt":"2021-05-27T14:25:24","guid":{"rendered":"https:\/\/arroyitoonline.com.ar\/?p=12657"},"modified":"2021-05-27T14:25:25","modified_gmt":"2021-05-27T14:25:25","slug":"el-gobierno-municipal-adquirio-vacunas-antigripales-para-sus-empleados","status":"publish","type":"post","link":"https:\/\/arroyitoonline.com.ar\/?p=12657","title":{"rendered":"El Gobierno Municipal adquiri\u00f3 vacunas antigripales para sus empleados"},"content":{"rendered":"\n<p><strong>Es por la disminuci\u00f3n de env\u00edos por parte de las autoridades sanitarias de niveles superiores, debido a la pandemia.<\/strong><\/p>\n\n\n\n<p><strong>D\u00edas pasados, el intendente Gustavo Benedetti dispuso la compra de vacunas antigripales ante la disminuci\u00f3n de env\u00edos por parte de las autoridades sanitarias de niveles superiores<\/strong>, debido a la pandemia y al destino de los fondos para combatir el Covid-19.<\/p>\n\n\n\n<p>Por esta raz\u00f3n, el Municipio de Arroyito, como muchos otros,\u00a0<strong>este a\u00f1o recibi\u00f3 una menor cantidad de dosis de vacunas antigripales de las que con normalidad ingresan a nuestro sistema de salud.<\/strong><\/p>\n\n\n\n<p>Frente a esta situaci\u00f3n, Benedetti <strong>decidi\u00f3 destinar todas las vacunas que ingresan por parte de la provincia para ni\u00f1os, adultos mayores de 65 y personas que acrediten que son de riesgo, adquiriendo nuevas dosis para los agentes municipales.<\/strong><\/p>\n\n\n\n<p>En este sentido, <strong>este primer lote de vacunas antigripales que compr\u00f3 el Municipio se utilizar\u00e1 para la inoculaci\u00f3n de todo el personal municipal que realiza tareas al aire libre, atenci\u00f3n al p\u00fablico y de riesgo.<\/strong><\/p>\n\n\n\n<p><strong>Los pr\u00f3ximos lotes adquiridos ser\u00e1n destinados para el refuerzo de la cantidad de dosis enviadas por la Provincia, en especial para vecinos de condiciones de vulnerabilidad socio-econ\u00f3mica.<\/strong><\/p>\n\n\n\n<p>Esta decisi\u00f3n del intendente <strong>tiene como objetivo cuidar la salud del personal municipal, y la protecci\u00f3n de las personas m\u00e1s vulnerables<\/strong>.<\/p>\n\n\n\n<p>Del mismo modo, desde el Gobierno Municipal invitan a empresas, comercios e instituciones a sumarse a esta iniciativa para que juntos tratemos de fortalecer a la mayor cantidad de vecinos.<\/p>\n","protected":false},"excerpt":{"rendered":"<p>Es por la disminuci\u00f3n de env\u00edos por parte de las autoridades sanitarias de niveles superiores, debido a la pandemia. D\u00edas&hellip;<\/p>\n","protected":false},"author":3,"featured_media":12658,"comment_status":"closed","ping_status":"open","sticky":false,"template":"","format":"standard","meta":{"footnotes":""},"categories":[9],"tags":[66,67,836,115,1102,968,1177,556,571,572,706,789,790],"class_list":["post-12657","post","type-post","status-publish","format-standard","has-post-thumbnail","hentry","category-infosalud","tag-arroyito","tag-arroyito-cordoba","tag-arroyito-online","tag-benedetti","tag-gobierno-municipal","tag-gustavo-benedetti","tag-hospital-municipal-carlos-j-rodriguez","tag-municipalidad-de-arroyito","tag-noticia","tag-noticias-de-arroyito-y-zona","tag-salud","tag-vacuna-antigripal","tag-vacunacion"],"_links":{"self":[{"href":"https:\/\/arroyitoonline.com.ar\/index.php?rest_route=\/wp\/v2\/posts\/12657","targetHints":{"allow":["GET"]}}],"collection":[{"href":"https:\/\/arroyitoonline.com.ar\/index.php?rest_route=\/wp\/v2\/posts"}],"about":[{"href":"https:\/\/arroyitoonline.com.ar\/index.php?rest_route=\/wp\/v2\/types\/post"}],"author":[{"embeddable":true,"href":"https:\/\/arroyitoonline.com.ar\/index.php?rest_route=\/wp\/v2\/users\/3"}],"replies":[{"embeddable":true,"href":"https:\/\/arroyitoonline.com.ar\/index.php?rest_route=%2Fwp%2Fv2%2Fcomments&post=12657"}],"version-history":[{"count":1,"href":"https:\/\/arroyitoonline.com.ar\/index.php?rest_route=\/wp\/v2\/posts\/12657\/revisions"}],"predecessor-version":[{"id":12659,"href":"https:\/\/arroyitoonline.com.ar\/index.php?rest_route=\/wp\/v2\/posts\/12657\/revisions\/12659"}],"wp:featuredmedia":[{"embeddable":true,"href":"https:\/\/arroyitoonline.com.ar\/index.php?rest_route=\/wp\/v2\/media\/12658"}],"wp:attachment":[{"href":"https:\/\/arroyitoonline.com.ar\/index.php?rest_route=%2Fwp%2Fv2%2Fmedia&parent=12657"}],"wp:term":[{"taxonomy":"category","embeddable":true,"href":"https:\/\/arroyitoonline.com.ar\/index.php?rest_route=%2Fwp%2Fv2%2Fcategories&post=12657"},{"taxonomy":"post_tag","embeddable":true,"href":"https:\/\/arroyitoonline.com.ar\/index.php?rest_route=%2Fwp%2Fv2%2Ftags&post=12657"}],"curies":[{"name":"wp","href":"https:\/\/api.w.org\/{rel}","templated":true}]}}