{"id":12677,"date":"2021-05-29T11:39:10","date_gmt":"2021-05-29T11:39:10","guid":{"rendered":"https:\/\/arroyitoonline.com.ar\/?p=12677"},"modified":"2021-05-29T11:39:14","modified_gmt":"2021-05-29T11:39:14","slug":"covid-19-en-arroyito-fallecio-una-mujer-de-52-anos","status":"publish","type":"post","link":"https:\/\/arroyitoonline.com.ar\/?p=12677","title":{"rendered":"Covid-19 en Arroyito: falleci\u00f3 una mujer de 52 a\u00f1os"},"content":{"rendered":"\n<p><strong>Hasta el momento, son 51 los decesos en el \u00e1mbito local, vinculados a la pandemia coronavirus.<\/strong><\/p>\n\n\n\n<p>Hoy se produjo el fallecimiento de otro paciente de Arroyito con covid-19. Se trata de una mujer de 52 a\u00f1os, que se encontraba internada en la ciudad de C\u00f3rdoba. Hasta el momento, son 51 los decesos en el \u00e1mbito local, vinculados a la pandemia coronavirus.<\/p>\n\n\n\n<p>Adem\u00e1s, seg\u00fan lo inform\u00f3 el CEA, ayer se registraron 51 nuevos casos de covid-19 en Arroyito, elevando la cifra total a 471 positivos activos.<\/p>\n\n\n\n<p>Este viernes recuperaron 29 personas recibiendo alta m\u00e9dica. El n\u00famero de pacientes recuperados hasta el momento es de 2336.<\/p>\n\n\n\n<p>Desde que comenz\u00f3 la emergencia sanitaria se contabiliza un total de 2858 casos (sumando los actuales activos, recuperados y 51 decesos).<\/p>\n","protected":false},"excerpt":{"rendered":"<p>Hasta el momento, son 51 los decesos en el \u00e1mbito local, vinculados a la pandemia coronavirus. Hoy se produjo el&hellip;<\/p>\n","protected":false},"author":3,"featured_media":12602,"comment_status":"closed","ping_status":"open","sticky":false,"template":"","format":"standard","meta":{"footnotes":""},"categories":[9],"tags":[66,67,836,1149,1108,1152,1167,1102,1160,572,706],"class_list":["post-12677","post","type-post","status-publish","format-standard","has-post-thumbnail","hentry","category-infosalud","tag-arroyito","tag-arroyito-cordoba","tag-arroyito-online","tag-centro-de-emergencias-de-arroyito","tag-coronavirus","tag-covid-19","tag-distanciamiento-social-preventivo-y-obligatorio","tag-gobierno-municipal","tag-hisopados","tag-noticias-de-arroyito-y-zona","tag-salud"],"_links":{"self":[{"href":"https:\/\/arroyitoonline.com.ar\/index.php?rest_route=\/wp\/v2\/posts\/12677","targetHints":{"allow":["GET"]}}],"collection":[{"href":"https:\/\/arroyitoonline.com.ar\/index.php?rest_route=\/wp\/v2\/posts"}],"about":[{"href":"https:\/\/arroyitoonline.com.ar\/index.php?rest_route=\/wp\/v2\/types\/post"}],"author":[{"embeddable":true,"href":"https:\/\/arroyitoonline.com.ar\/index.php?rest_route=\/wp\/v2\/users\/3"}],"replies":[{"embeddable":true,"href":"https:\/\/arroyitoonline.com.ar\/index.php?rest_route=%2Fwp%2Fv2%2Fcomments&post=12677"}],"version-history":[{"count":1,"href":"https:\/\/arroyitoonline.com.ar\/index.php?rest_route=\/wp\/v2\/posts\/12677\/revisions"}],"predecessor-version":[{"id":12678,"href":"https:\/\/arroyitoonline.com.ar\/index.php?rest_route=\/wp\/v2\/posts\/12677\/revisions\/12678"}],"wp:featuredmedia":[{"embeddable":true,"href":"https:\/\/arroyitoonline.com.ar\/index.php?rest_route=\/wp\/v2\/media\/12602"}],"wp:attachment":[{"href":"https:\/\/arroyitoonline.com.ar\/index.php?rest_route=%2Fwp%2Fv2%2Fmedia&parent=12677"}],"wp:term":[{"taxonomy":"category","embeddable":true,"href":"https:\/\/arroyitoonline.com.ar\/index.php?rest_route=%2Fwp%2Fv2%2Fcategories&post=12677"},{"taxonomy":"post_tag","embeddable":true,"href":"https:\/\/arroyitoonline.com.ar\/index.php?rest_route=%2Fwp%2Fv2%2Ftags&post=12677"}],"curies":[{"name":"wp","href":"https:\/\/api.w.org\/{rel}","templated":true}]}}