{"id":12679,"date":"2021-05-29T21:00:49","date_gmt":"2021-05-29T21:00:49","guid":{"rendered":"https:\/\/arroyitoonline.com.ar\/?p=12679"},"modified":"2021-05-29T21:00:52","modified_gmt":"2021-05-29T21:00:52","slug":"calvo-anuncio-nuevas-disposiciones-sobre-las-actividades-que-regresaran-desde-el-lunes-31-de-mayo","status":"publish","type":"post","link":"https:\/\/arroyitoonline.com.ar\/?p=12679","title":{"rendered":"Calvo anunci\u00f3 nuevas disposiciones sobre las actividades que regresar\u00e1n desde el lunes 31 de mayo"},"content":{"rendered":"\n<p><strong>La circulaci\u00f3n estar\u00e1 permitida desde las 6:00 hasta las 20:00 horas. Solo personal esencial puede circular fuera de ese horario.<\/strong><\/p>\n\n\n\n<p>El vicegobernador Manuel Calvo, a cargo del Poder Ejecutivo, anunci\u00f3 ayer a la tarde las medidas econ\u00f3micas y financieras adoptadas por el Gobierno de la Provincia para el acompa\u00f1amiento de los sectores afectados por las restricciones producto de la pandemia. Calvo tambi\u00e9n inform\u00f3 sobre las nuevas disposiciones en relaci\u00f3n a las actividades que regresar\u00e1n desde el lunes 31 de mayo.<\/p>\n\n\n\n<blockquote class=\"wp-block-quote is-layout-flow wp-block-quote-is-layout-flow\"><p><em>\u201cLa prioridad para el Gobierno de C\u00f3rdoba sigue siendo -como dice nuestro conductor, Juan Schiaretti- la salud, la educaci\u00f3n, la producci\u00f3n, la econom\u00eda y el trabajo. Esto es claramente una definici\u00f3n de Estado porque fue la conclusi\u00f3n a la que hemos arribado conversando con todos los sectores\u201d<\/em><\/p><cite>resalt\u00f3 en la oportunidad, Manuel Calvo.<\/cite><\/blockquote>\n\n\n\n<p>Adem\u00e1s de ministros del Gabinete, estuvieron presentes el presidente de la Federaci\u00f3n Comercial de C\u00f3rdoba (Fedecom), Ezequiel Cerezo, y el presidente de la C\u00e1mara de Comercio de C\u00f3rdoba, Jos\u00e9 Viale.<\/p>\n\n\n\n<p>Calvo destac\u00f3 la voluntad de\u00a0<em>\u201cdi\u00e1logo\u201d\u00a0<\/em>de la Provincia para\u00a0<em>\u201cacompa\u00f1ar y contemplar las dificultades de todos los sectores afectados por las restricciones\u201d<\/em>, y remarc\u00f3 que\u00a0<em>\u201cno se trata de econom\u00eda o salud. Ac\u00e1 se trata de todos juntos, de cuidar la salud, el trabajo, la educaci\u00f3n de nuestros hijos y salir lo menos lastimados de este tremendo momento\u201d<\/em>.<\/p>\n\n\n\n<p>En este sentido, el vicegobernador pidi\u00f3 a aquellos ciudadanos\u00a0<em>\u201cque puedan resolver sus actividades sin circular, lo hagan desde sus casas\u201d<\/em>, apelando en su pedido de manera particular a los j\u00f3venes, a quien los datos epidemiol\u00f3gicos muestran como el grupo etario m\u00e1s afectado por esta segunda ola de coronavirus.\u00a0\u00a0<\/p>\n\n\n\n<p>Respecto al plan de vacunaci\u00f3n, Manuel Calvo asegur\u00f3 que con los nuevos arribos de vacunas ha sido posible que se mantenga la continuidad de la campa\u00f1a de inmunizaci\u00f3n contra el Covid-19, alcanzando a m\u00e1s de 730 mil cordobeses y cordobesas, incluidos los\u00a0<a href=\"https:\/\/prensa.cba.gov.ar\/gobierno\/cordoba-comienza-a-vacunar-a-mayores-de-45-anos-con-comorbilidades\/\" target=\"_blank\" rel=\"noreferrer noopener\">mayores de 45 a\u00f1os con comorbilidades<\/a>.<\/p>\n\n\n\n<p>Por \u00faltimo, y entendiendo que las restricciones por cuestiones sanitarias afectan a la econom\u00eda de los distintos sectores que hacen al arco productivo de la provincia, Calvo asegur\u00f3 que\u00a0<em>\u201cpor decisi\u00f3n del\u00a0gobernador, Juan Schiaretti, ya hemos aportado 2.600 millones de pesos y en esta nueva etapa\u00a0<a href=\"https:\/\/prensa.cba.gov.ar\/gobierno\/la-provincia-destina-600-millones-para-acompanar-a-sectores-afectados\/\" target=\"_blank\" rel=\"noreferrer noopener\">sumaremos 600 millones de pesos<\/a>\u00a0m\u00e1s, que permitir\u00e1n concretar las ayudas y acompa\u00f1ar a los sectores m\u00e1s afectados\u201d<\/em>.<\/p>\n\n\n\n<p>En ese sentido, la ministra de Coordinaci\u00f3n, Silvina Rivero sostuvo que <em>\u201ces un paquete adicional de asistencia, y la continuidad del plan de acompa\u00f1amiento a los sectores afectados por la pandemia\u201d<\/em>.<\/p>\n\n\n\n<p>A su turno, el titular de Salud, Diego Cardozo, destac\u00f3 la puesta en funcionamiento de las unidades de atenci\u00f3n prehospitalaria en cuatro centros asistenciales de capital y en diversos puntos del interior provincial que\u00a0<em>\u00abpermitir\u00e1n un tratamiento m\u00e1s precoz en casos positivos para descomprimir las terapias de los hospitales\u00bb<\/em>.<\/p>\n\n\n\n<p>Por su parte, el ministro de Gobierno, Facundo Torres, exalt\u00f3 el trabajo que se desarrolla con cada uno de 427 municipios y comunas de la provincia y reafirm\u00f3 la importancia de la construcci\u00f3n a partir del di\u00e1logo y los consensos dados por la Mesa Provincia-Municipio.<\/p>\n\n\n\n<h3 class=\"wp-block-heading\"><strong>Nuevas disposiciones para la provincia de C\u00f3rdoba<\/strong><\/h3>\n\n\n\n<h4 class=\"wp-block-heading\"><strong>VIGENCIA<\/strong><\/h4>\n\n\n\n<p>\u2611\ufe0f Desde el 31 de mayo al viernes 11 de junio, inclusive.<\/p>\n\n\n\n<p><strong>\ud83d\udccd CIRCULACI\u00d3N RESTRINGIDA:<\/strong><\/p>\n\n\n\n<p>\u2611\ufe0f Se reanudan las actividades no esenciales en el horario de 6:00 a 19:00.<\/p>\n\n\n\n<p>La circulaci\u00f3n ser\u00e1 de 6:00 a 20:00 horas, como estuvo vigente hasta el 21 de mayo. Solo personal esencial puede circular fuera de ese horario.<\/p>\n\n\n\n<p>Para circular se deber\u00e1 descargar la APP CUIDAR.<\/p>\n\n\n\n<p><strong>\ud83d\udccd ACTIVIDADES COMERCIALES:<\/strong><\/p>\n\n\n\n<p>\u2611\ufe0f Podr\u00e1n desarrollarse entre las 9:00 y 19:00 horas.<\/p>\n\n\n\n<p>\u2714\ufe0f Shoppings: entre las 9:00 y 19:00 horas. Patios de comidas solo delivery y take away (retiro en puerta).<\/p>\n\n\n\n<p><strong>\ud83d\udccd RESTAURANTES Y RESTOBARES:<\/strong><\/p>\n\n\n\n<p>\u2611\ufe0f Hasta las 19:00 horas. Modalidades delivery y take away (retiro en puerta) hasta las 23:00 horas.<\/p>\n\n\n\n<p><strong>\ud83d\udccd ACTIVIDAD ESCOLAR:<\/strong><\/p>\n\n\n\n<p>\u2714\ufe0f Niveles inicial, primario y educaci\u00f3n especial: se retoman clases presenciales bajo sistema de burbujas.<\/p>\n\n\n\n<p>\u2714\ufe0f Nivel Secundario: retoma la presencialidad con sistema de burbujas, con excepci\u00f3n de aquellas localidades o conglomerados urbanos con m\u00e1s de 30.000 habitantes. Arroyito retoma la presencialidad, ya que aparece con 22.000 habitantes, de acuerdo a lo registrado por el \u00faltimo censo nacional, que data de 2010.<\/p>\n\n\n\n<p>\u2714\ufe0f Guarder\u00edas y Salas Maternales: funcionar\u00e1n con normalidad.<\/p>\n\n\n\n<p>\u2714\ufe0f Actividad Periescolar: solo de manera virtual.<\/p>\n\n\n\n<p><strong>\ud83d\udccd OBRAS PRIVADAS:<\/strong><\/p>\n\n\n\n<p>\u2611\ufe0f Est\u00e1n permitidas conforme a los horarios y protocolos establecidos.<\/p>\n\n\n\n<p><strong>\ud83d\udccd REUNIONES SOCIALES Y\/O CELEBRACIONES:<\/strong><\/p>\n\n\n\n<p>\u2611\ufe0f Se mantienen suspendidas tanto en ambientes p\u00fablicos y privados.<\/p>\n\n\n\n<p><strong>\ud83d\udccd REUNIONES FAMILIARES:<\/strong><\/p>\n\n\n\n<p>\u2611\ufe0f Se podr\u00e1n realizar con hasta ocho miembros, en el horario de libre circulaci\u00f3n.<\/p>\n\n\n\n<p><strong>\ud83d\udccd ACTIVIDADES RELIGIOSAS:<\/strong><\/p>\n\n\n\n<p>\u2611\ufe0f Se mantienen vigentes con reducci\u00f3n de aforo (capacidad m\u00e1xima): 30%.<\/p>\n\n\n\n<p><strong>\ud83d\udccd TURISMO:<\/strong><\/p>\n\n\n\n<p>\u2611\ufe0f Las actividades tur\u00edsticas grupales se mantienen suspendidas.<\/p>\n\n\n\n<p><strong>\ud83d\udccd SALONES DE EVENTOS Y FIESTAS:<\/strong><\/p>\n\n\n\n<p>\u2611\ufe0f Continuar\u00e1n cerrados.<\/p>\n\n\n\n<p><strong>\ud83d\udccd PR\u00c1CTICAS DEPORTIVAS Y ACTIVIDADES RECREATIVAS EN AMBIENTES CERRADOS:<\/strong><\/p>\n\n\n\n<p>\u2611\ufe0f Permitidas hasta 12 personas.<\/p>\n\n\n\n<p><strong>\ud83d\udccd PR\u00c1CTICAS DEPORTIVAS Y ACTIVIDADES RECREATIVAS INDIVIDUALES Y GRUPALES AL AIRE LIBRE:<\/strong><\/p>\n\n\n\n<p>\u2611\ufe0f Podr\u00e1n realizarse, sin uso de vestuarios ni instalaciones.<\/p>\n\n\n\n<p>\u2611\ufe0f Contin\u00faan suspendidas durante este per\u00edodo las competencias de cualquier tipo; federadas, amateurs o exhibiciones. Excepto las regladas a nivel nacional.<\/p>\n\n\n\n<p><strong>\ud83d\udccd GIMNASIOS Y NATATORIOS:<\/strong><\/p>\n\n\n\n<p>\u2611\ufe0f Podr\u00e1n desarrollar actividades seg\u00fan protocolo establecido.<\/p>\n\n\n\n<p><strong>\ud83d\udccd MUNICIPIOS Y COMUNAS:<\/strong><\/p>\n\n\n\n<p>\u2611\ufe0f Se comprometen a llevar adelante el control y cumplimiento de las disposiciones y los protocolos vigentes. Tambi\u00e9n a fortalecer la vigilancia para detectar casos de COVID de manera temprana.<\/p>\n\n\n\n<p><strong>\ud83d\udccc TODAS LAS ACTIVIDADES DEBER\u00c1N DESARROLLARSE CUMPLIENDO LOS PROTOCOLOS ESTABLECIDOS.<\/strong><\/p>\n","protected":false},"excerpt":{"rendered":"<p>La circulaci\u00f3n estar\u00e1 permitida desde las 6:00 hasta las 20:00 horas. Solo personal esencial puede circular fuera de ese horario.&hellip;<\/p>\n","protected":false},"author":3,"featured_media":12680,"comment_status":"closed","ping_status":"open","sticky":false,"template":"","format":"standard","meta":{"footnotes":""},"categories":[900],"tags":[66,67,836,1108,1152,404,405,1102,1018,572,1219],"class_list":["post-12679","post","type-post","status-publish","format-standard","has-post-thumbnail","hentry","category-noticias","tag-arroyito","tag-arroyito-cordoba","tag-arroyito-online","tag-coronavirus","tag-covid-19","tag-gobierno-de-cordoba","tag-gobierno-de-la-provincia","tag-gobierno-municipal","tag-manuel-calvo","tag-noticias-de-arroyito-y-zona","tag-vacunacion-covid-19"],"_links":{"self":[{"href":"https:\/\/arroyitoonline.com.ar\/index.php?rest_route=\/wp\/v2\/posts\/12679","targetHints":{"allow":["GET"]}}],"collection":[{"href":"https:\/\/arroyitoonline.com.ar\/index.php?rest_route=\/wp\/v2\/posts"}],"about":[{"href":"https:\/\/arroyitoonline.com.ar\/index.php?rest_route=\/wp\/v2\/types\/post"}],"author":[{"embeddable":true,"href":"https:\/\/arroyitoonline.com.ar\/index.php?rest_route=\/wp\/v2\/users\/3"}],"replies":[{"embeddable":true,"href":"https:\/\/arroyitoonline.com.ar\/index.php?rest_route=%2Fwp%2Fv2%2Fcomments&post=12679"}],"version-history":[{"count":1,"href":"https:\/\/arroyitoonline.com.ar\/index.php?rest_route=\/wp\/v2\/posts\/12679\/revisions"}],"predecessor-version":[{"id":12681,"href":"https:\/\/arroyitoonline.com.ar\/index.php?rest_route=\/wp\/v2\/posts\/12679\/revisions\/12681"}],"wp:featuredmedia":[{"embeddable":true,"href":"https:\/\/arroyitoonline.com.ar\/index.php?rest_route=\/wp\/v2\/media\/12680"}],"wp:attachment":[{"href":"https:\/\/arroyitoonline.com.ar\/index.php?rest_route=%2Fwp%2Fv2%2Fmedia&parent=12679"}],"wp:term":[{"taxonomy":"category","embeddable":true,"href":"https:\/\/arroyitoonline.com.ar\/index.php?rest_route=%2Fwp%2Fv2%2Fcategories&post=12679"},{"taxonomy":"post_tag","embeddable":true,"href":"https:\/\/arroyitoonline.com.ar\/index.php?rest_route=%2Fwp%2Fv2%2Ftags&post=12679"}],"curies":[{"name":"wp","href":"https:\/\/api.w.org\/{rel}","templated":true}]}}