{"id":12690,"date":"2021-06-01T02:14:10","date_gmt":"2021-06-01T02:14:10","guid":{"rendered":"https:\/\/arroyitoonline.com.ar\/?p=12690"},"modified":"2021-06-01T02:14:13","modified_gmt":"2021-06-01T02:14:13","slug":"covid-19-en-arroyito-fallecio-un-hombre-de-84-anos","status":"publish","type":"post","link":"https:\/\/arroyitoonline.com.ar\/?p=12690","title":{"rendered":"Covid-19 en Arroyito: falleci\u00f3 un hombre de 84 a\u00f1os"},"content":{"rendered":"\n<p><strong>Hasta el momento, son 56 los decesos en el \u00e1mbito local, vinculados a la pandemia coronavirus.<\/strong><\/p>\n\n\n\n<p>Hoy se produjo el fallecimiento de otro paciente de Arroyito con covid-19. Se trata de un hombre de 84 a\u00f1os, que se encontraba internado en la Cl\u00ednica Serem de nuestra ciudad. Hasta el momento, son 56 los decesos en el \u00e1mbito local, vinculados a la pandemia coronavirus.<\/p>\n\n\n\n<p>Adem\u00e1s, seg\u00fan lo inform\u00f3 el CEA, hoy se registraron 39 nuevos casos de covid-19 en Arroyito, elevando la cifra total a 396 positivos activos.<\/p>\n\n\n\n<p>Este lunes se recuperaron 21 personas recibiendo alta m\u00e9dica. El n\u00famero de pacientes recuperados hasta el momento es de 2482.<\/p>\n\n\n\n<p>Desde que comenz\u00f3 la emergencia sanitaria se contabiliza un total de 2934 casos (sumando los actuales activos, recuperados y 56 decesos).<\/p>\n","protected":false},"excerpt":{"rendered":"<p>Hasta el momento, son 56 los decesos en el \u00e1mbito local, vinculados a la pandemia coronavirus. Hoy se produjo el&hellip;<\/p>\n","protected":false},"author":3,"featured_media":12525,"comment_status":"closed","ping_status":"open","sticky":false,"template":"","format":"standard","meta":{"footnotes":""},"categories":[9],"tags":[66,67,836,1143,1149,1108,1152,1102,1160,548,572,1115],"class_list":["post-12690","post","type-post","status-publish","format-standard","has-post-thumbnail","hentry","category-infosalud","tag-arroyito","tag-arroyito-cordoba","tag-arroyito-online","tag-barbijo","tag-centro-de-emergencias-de-arroyito","tag-coronavirus","tag-covid-19","tag-gobierno-municipal","tag-hisopados","tag-muerte","tag-noticias-de-arroyito-y-zona","tag-serem-privado"],"_links":{"self":[{"href":"https:\/\/arroyitoonline.com.ar\/index.php?rest_route=\/wp\/v2\/posts\/12690","targetHints":{"allow":["GET"]}}],"collection":[{"href":"https:\/\/arroyitoonline.com.ar\/index.php?rest_route=\/wp\/v2\/posts"}],"about":[{"href":"https:\/\/arroyitoonline.com.ar\/index.php?rest_route=\/wp\/v2\/types\/post"}],"author":[{"embeddable":true,"href":"https:\/\/arroyitoonline.com.ar\/index.php?rest_route=\/wp\/v2\/users\/3"}],"replies":[{"embeddable":true,"href":"https:\/\/arroyitoonline.com.ar\/index.php?rest_route=%2Fwp%2Fv2%2Fcomments&post=12690"}],"version-history":[{"count":1,"href":"https:\/\/arroyitoonline.com.ar\/index.php?rest_route=\/wp\/v2\/posts\/12690\/revisions"}],"predecessor-version":[{"id":12691,"href":"https:\/\/arroyitoonline.com.ar\/index.php?rest_route=\/wp\/v2\/posts\/12690\/revisions\/12691"}],"wp:featuredmedia":[{"embeddable":true,"href":"https:\/\/arroyitoonline.com.ar\/index.php?rest_route=\/wp\/v2\/media\/12525"}],"wp:attachment":[{"href":"https:\/\/arroyitoonline.com.ar\/index.php?rest_route=%2Fwp%2Fv2%2Fmedia&parent=12690"}],"wp:term":[{"taxonomy":"category","embeddable":true,"href":"https:\/\/arroyitoonline.com.ar\/index.php?rest_route=%2Fwp%2Fv2%2Fcategories&post=12690"},{"taxonomy":"post_tag","embeddable":true,"href":"https:\/\/arroyitoonline.com.ar\/index.php?rest_route=%2Fwp%2Fv2%2Ftags&post=12690"}],"curies":[{"name":"wp","href":"https:\/\/api.w.org\/{rel}","templated":true}]}}