{"id":12692,"date":"2021-06-01T13:19:23","date_gmt":"2021-06-01T13:19:23","guid":{"rendered":"https:\/\/arroyitoonline.com.ar\/?p=12692"},"modified":"2021-06-01T13:19:27","modified_gmt":"2021-06-01T13:19:27","slug":"en-allanamiento-detuvieron-a-un-menor-de-16-anos","status":"publish","type":"post","link":"https:\/\/arroyitoonline.com.ar\/?p=12692","title":{"rendered":"En allanamiento, detuvieron a un menor de 16 a\u00f1os"},"content":{"rendered":"\n<p><strong>Los efectivos dieron cumplimiento a una orden de allanamiento, en relaci\u00f3n a las actuaciones que tramita el Juzgado de Competencias M\u00faltiples de Arroyito.<\/strong><\/p>\n\n\n\n<p>El s\u00e1bado a las 9:15 horas, personal policial de guardia y de la Brigada Investigaciones de la Comisar\u00eda local, dieron cumplimiento a una orden de allanamiento, en relaci\u00f3n a las actuaciones que tramita el Juzgado de Competencias M\u00faltiples de Arroyito.<\/p>\n\n\n\n<p>En el procedimiento, que arroj\u00f3 resultado positivo, aprehendieron un joven de 16 a\u00f1os.<\/p>\n\n\n\n<p>Luego, el menor fue trasladado hacia el Centro de Admisi\u00f3n Varones, dependiente de la Subsecretar\u00eda de Protecci\u00f3n Integral de la Ni\u00f1ez y Adolescencia, en conflicto con la Ley Penal (Complejo Esperanza).<\/p>\n","protected":false},"excerpt":{"rendered":"<p>Los efectivos dieron cumplimiento a una orden de allanamiento, en relaci\u00f3n a las actuaciones que tramita el Juzgado de Competencias&hellip;<\/p>\n","protected":false},"author":3,"featured_media":8867,"comment_status":"closed","ping_status":"open","sticky":false,"template":"","format":"standard","meta":{"footnotes":""},"categories":[824],"tags":[47,66,67,836,481,530,572,635,637,638,825],"class_list":["post-12692","post","type-post","status-publish","format-standard","has-post-thumbnail","hentry","category-policiales-online","tag-allanamiento","tag-arroyito","tag-arroyito-cordoba","tag-arroyito-online","tag-juzgado","tag-menores","tag-noticias-de-arroyito-y-zona","tag-policia","tag-policiales","tag-policiales-arroyito","tag-policiales-online"],"_links":{"self":[{"href":"https:\/\/arroyitoonline.com.ar\/index.php?rest_route=\/wp\/v2\/posts\/12692","targetHints":{"allow":["GET"]}}],"collection":[{"href":"https:\/\/arroyitoonline.com.ar\/index.php?rest_route=\/wp\/v2\/posts"}],"about":[{"href":"https:\/\/arroyitoonline.com.ar\/index.php?rest_route=\/wp\/v2\/types\/post"}],"author":[{"embeddable":true,"href":"https:\/\/arroyitoonline.com.ar\/index.php?rest_route=\/wp\/v2\/users\/3"}],"replies":[{"embeddable":true,"href":"https:\/\/arroyitoonline.com.ar\/index.php?rest_route=%2Fwp%2Fv2%2Fcomments&post=12692"}],"version-history":[{"count":1,"href":"https:\/\/arroyitoonline.com.ar\/index.php?rest_route=\/wp\/v2\/posts\/12692\/revisions"}],"predecessor-version":[{"id":12693,"href":"https:\/\/arroyitoonline.com.ar\/index.php?rest_route=\/wp\/v2\/posts\/12692\/revisions\/12693"}],"wp:featuredmedia":[{"embeddable":true,"href":"https:\/\/arroyitoonline.com.ar\/index.php?rest_route=\/wp\/v2\/media\/8867"}],"wp:attachment":[{"href":"https:\/\/arroyitoonline.com.ar\/index.php?rest_route=%2Fwp%2Fv2%2Fmedia&parent=12692"}],"wp:term":[{"taxonomy":"category","embeddable":true,"href":"https:\/\/arroyitoonline.com.ar\/index.php?rest_route=%2Fwp%2Fv2%2Fcategories&post=12692"},{"taxonomy":"post_tag","embeddable":true,"href":"https:\/\/arroyitoonline.com.ar\/index.php?rest_route=%2Fwp%2Fv2%2Ftags&post=12692"}],"curies":[{"name":"wp","href":"https:\/\/api.w.org\/{rel}","templated":true}]}}