{"id":12694,"date":"2021-06-02T01:38:23","date_gmt":"2021-06-02T01:38:23","guid":{"rendered":"https:\/\/arroyitoonline.com.ar\/?p=12694"},"modified":"2021-06-02T01:38:25","modified_gmt":"2021-06-02T01:38:25","slug":"covid-19-en-arroyito-en-cinco-dias-murieron-siete-personas","status":"publish","type":"post","link":"https:\/\/arroyitoonline.com.ar\/?p=12694","title":{"rendered":"Covid-19 en Arroyito: en cinco d\u00edas murieron siete personas"},"content":{"rendered":"\n<p><strong>Hoy falleci\u00f3 una mujer de 89 a\u00f1os, que se encontraba internada en la cl\u00ednica Serem Privado.<\/strong><\/p>\n\n\n\n<p>Hoy se produjo el fallecimiento de otro paciente de Arroyito con covid-19. Se trata de una mujer de 89 a\u00f1os, que se encontraba internada en la Cl\u00ednica Serem de nuestra ciudad. Hasta el momento, son 57 los decesos en el \u00e1mbito local, vinculados a la pandemia coronavirus.<\/p>\n\n\n\n<p>El dato m\u00e1s preocupante de las \u00faltimas horas es que,.en cinco d\u00edas, del viernes al martes, se registraron siete muertes.<\/p>\n\n\n\n<p>Adem\u00e1s, seg\u00fan lo inform\u00f3 el CEA, hoy se conocieron 33 nuevos casos de covid-19 en Arroyito, elevando la cifra total a 412 positivos activos.<\/p>\n\n\n\n<p>Este martes se recuperaron 17 personas recibiendo alta m\u00e9dica. El n\u00famero de pacientes recuperados hasta el momento es de 2498.<\/p>\n\n\n\n<p>Desde que comenz\u00f3 la emergencia sanitaria se contabiliza un total de 2967 casos (sumando los actuales activos, recuperados y 57 decesos).<\/p>\n","protected":false},"excerpt":{"rendered":"<p>Hoy falleci\u00f3 una mujer de 89 a\u00f1os, que se encontraba internada en la cl\u00ednica Serem Privado. Hoy se produjo el&hellip;<\/p>\n","protected":false},"author":3,"featured_media":12552,"comment_status":"closed","ping_status":"open","sticky":false,"template":"","format":"standard","meta":{"footnotes":""},"categories":[9],"tags":[66,67,836,1143,1149,1108,1152,1160,572,1115],"class_list":["post-12694","post","type-post","status-publish","format-standard","has-post-thumbnail","hentry","category-infosalud","tag-arroyito","tag-arroyito-cordoba","tag-arroyito-online","tag-barbijo","tag-centro-de-emergencias-de-arroyito","tag-coronavirus","tag-covid-19","tag-hisopados","tag-noticias-de-arroyito-y-zona","tag-serem-privado"],"_links":{"self":[{"href":"https:\/\/arroyitoonline.com.ar\/index.php?rest_route=\/wp\/v2\/posts\/12694","targetHints":{"allow":["GET"]}}],"collection":[{"href":"https:\/\/arroyitoonline.com.ar\/index.php?rest_route=\/wp\/v2\/posts"}],"about":[{"href":"https:\/\/arroyitoonline.com.ar\/index.php?rest_route=\/wp\/v2\/types\/post"}],"author":[{"embeddable":true,"href":"https:\/\/arroyitoonline.com.ar\/index.php?rest_route=\/wp\/v2\/users\/3"}],"replies":[{"embeddable":true,"href":"https:\/\/arroyitoonline.com.ar\/index.php?rest_route=%2Fwp%2Fv2%2Fcomments&post=12694"}],"version-history":[{"count":1,"href":"https:\/\/arroyitoonline.com.ar\/index.php?rest_route=\/wp\/v2\/posts\/12694\/revisions"}],"predecessor-version":[{"id":12695,"href":"https:\/\/arroyitoonline.com.ar\/index.php?rest_route=\/wp\/v2\/posts\/12694\/revisions\/12695"}],"wp:featuredmedia":[{"embeddable":true,"href":"https:\/\/arroyitoonline.com.ar\/index.php?rest_route=\/wp\/v2\/media\/12552"}],"wp:attachment":[{"href":"https:\/\/arroyitoonline.com.ar\/index.php?rest_route=%2Fwp%2Fv2%2Fmedia&parent=12694"}],"wp:term":[{"taxonomy":"category","embeddable":true,"href":"https:\/\/arroyitoonline.com.ar\/index.php?rest_route=%2Fwp%2Fv2%2Fcategories&post=12694"},{"taxonomy":"post_tag","embeddable":true,"href":"https:\/\/arroyitoonline.com.ar\/index.php?rest_route=%2Fwp%2Fv2%2Ftags&post=12694"}],"curies":[{"name":"wp","href":"https:\/\/api.w.org\/{rel}","templated":true}]}}