{"id":12696,"date":"2021-06-02T17:36:28","date_gmt":"2021-06-02T17:36:28","guid":{"rendered":"https:\/\/arroyitoonline.com.ar\/?p=12696"},"modified":"2021-06-02T17:36:30","modified_gmt":"2021-06-02T17:36:30","slug":"benedetti-planta-politica-y-concejales-oficialistas-donan-el-aguinaldo-para-ayudar-a-comercios","status":"publish","type":"post","link":"https:\/\/arroyitoonline.com.ar\/?p=12696","title":{"rendered":"Benedetti, planta pol\u00edtica y concejales oficialistas donan el aguinaldo para ayudar a comercios"},"content":{"rendered":"\n<p><strong>Se trata de 15 negocios que solo abren en horario nocturno y se vieron perjudicados por las restricciones en pandemia.<\/strong><\/p>\n\n\n\n<p>Esta ma\u00f1ana, en conferencia de prensa, el intendente Gustavo Benedetti anunci\u00f3 que donar\u00e1 su medio aguinaldo de julio, y lo destinar\u00e1 a brindar ayuda para comercios perjudicados por las restricciones de apertura nocturna durante la pandemia. <\/p>\n\n\n\n<p>Se trata de 15 negocios gastron\u00f3micos y de esparcimiento perjudicados en los per\u00edodos de aislamiento y que, por las disposiciones de los gobiernos nacional, provincial y municipal para mitigar los contagios de Covid-19, se ven imposibilitados de trabajar. <\/p>\n\n\n\n<p>Mediante la firma de un decreto, Benedetti oficializ\u00f3 la medida, creando un fondo especial a tal fin, en acuerdo con los miembros del Gabinete del Ejecutivo, los cinco concejales del Bloque Todos Juntos y tribunos de Cuentas del Oficialismo, quienes tambi\u00e9n har\u00e1n la donaci\u00f3n.<\/p>\n\n\n\n<p>El aporte, que ser\u00e1 de hasta 60.000 pesos por cada uno de los estos locales, fue calificado por el jefe municipal como una decisi\u00f3n <em>&#8220;pol\u00edtica, solidaria, para que puedan seguir manteniendo las fuentes laborales&#8221;<\/em>.<\/p>\n","protected":false},"excerpt":{"rendered":"<p>Se trata de 15 negocios que solo abren en horario nocturno y se vieron perjudicados por las restricciones en pandemia.&hellip;<\/p>\n","protected":false},"author":3,"featured_media":12697,"comment_status":"closed","ping_status":"open","sticky":false,"template":"","format":"standard","meta":{"footnotes":""},"categories":[8],"tags":[66,67,836,115,217,1108,1152,1102,968,572,640],"class_list":["post-12696","post","type-post","status-publish","format-standard","has-post-thumbnail","hentry","category-politica","tag-arroyito","tag-arroyito-cordoba","tag-arroyito-online","tag-benedetti","tag-comercio","tag-coronavirus","tag-covid-19","tag-gobierno-municipal","tag-gustavo-benedetti","tag-noticias-de-arroyito-y-zona","tag-politica"],"_links":{"self":[{"href":"https:\/\/arroyitoonline.com.ar\/index.php?rest_route=\/wp\/v2\/posts\/12696","targetHints":{"allow":["GET"]}}],"collection":[{"href":"https:\/\/arroyitoonline.com.ar\/index.php?rest_route=\/wp\/v2\/posts"}],"about":[{"href":"https:\/\/arroyitoonline.com.ar\/index.php?rest_route=\/wp\/v2\/types\/post"}],"author":[{"embeddable":true,"href":"https:\/\/arroyitoonline.com.ar\/index.php?rest_route=\/wp\/v2\/users\/3"}],"replies":[{"embeddable":true,"href":"https:\/\/arroyitoonline.com.ar\/index.php?rest_route=%2Fwp%2Fv2%2Fcomments&post=12696"}],"version-history":[{"count":1,"href":"https:\/\/arroyitoonline.com.ar\/index.php?rest_route=\/wp\/v2\/posts\/12696\/revisions"}],"predecessor-version":[{"id":12698,"href":"https:\/\/arroyitoonline.com.ar\/index.php?rest_route=\/wp\/v2\/posts\/12696\/revisions\/12698"}],"wp:featuredmedia":[{"embeddable":true,"href":"https:\/\/arroyitoonline.com.ar\/index.php?rest_route=\/wp\/v2\/media\/12697"}],"wp:attachment":[{"href":"https:\/\/arroyitoonline.com.ar\/index.php?rest_route=%2Fwp%2Fv2%2Fmedia&parent=12696"}],"wp:term":[{"taxonomy":"category","embeddable":true,"href":"https:\/\/arroyitoonline.com.ar\/index.php?rest_route=%2Fwp%2Fv2%2Fcategories&post=12696"},{"taxonomy":"post_tag","embeddable":true,"href":"https:\/\/arroyitoonline.com.ar\/index.php?rest_route=%2Fwp%2Fv2%2Ftags&post=12696"}],"curies":[{"name":"wp","href":"https:\/\/api.w.org\/{rel}","templated":true}]}}