{"id":12727,"date":"2021-06-06T02:14:29","date_gmt":"2021-06-06T02:14:29","guid":{"rendered":"https:\/\/arroyitoonline.com.ar\/?p=12727"},"modified":"2021-06-06T02:14:31","modified_gmt":"2021-06-06T02:14:31","slug":"covid-19-en-arroyito-son-368-los-casos-positivos-activos","status":"publish","type":"post","link":"https:\/\/arroyitoonline.com.ar\/?p=12727","title":{"rendered":"Covid-19 en Arroyito: son 368 los casos positivos activos"},"content":{"rendered":"\n<p><strong>Adem\u00e1s, este s\u00e1bado se recuperaron 70 personas recibiendo alta de aislamiento.<\/strong><\/p>\n\n\n\n<p>Seg\u00fan lo inform\u00f3 el CEA, hoy se registraron 19 nuevos casos de\u00a0covid-19\u00a0en Arroyito, elevando la cifra total a 368 positivos activos.<\/p>\n\n\n\n<p>Adem\u00e1s, este s\u00e1bado se recuperaron 70 personas recibiendo alta de aislamiento. El n\u00famero de pacientes recuperados hasta el momento es de 2690.<\/p>\n\n\n\n<p>Desde que comenz\u00f3 la emergencia sanitaria se contabiliza un total de 3119 casos (sumando los actuales activos, recuperados y 61 decesos).<\/p>\n","protected":false},"excerpt":{"rendered":"<p>Adem\u00e1s, este s\u00e1bado se recuperaron 70 personas recibiendo alta de aislamiento. Seg\u00fan lo inform\u00f3 el CEA, hoy se registraron 19&hellip;<\/p>\n","protected":false},"author":3,"featured_media":11634,"comment_status":"closed","ping_status":"open","sticky":false,"template":"","format":"standard","meta":{"footnotes":""},"categories":[9],"tags":[66,67,836,1143,1149,1108,1152,1167,1102,1160,572],"class_list":["post-12727","post","type-post","status-publish","format-standard","has-post-thumbnail","hentry","category-infosalud","tag-arroyito","tag-arroyito-cordoba","tag-arroyito-online","tag-barbijo","tag-centro-de-emergencias-de-arroyito","tag-coronavirus","tag-covid-19","tag-distanciamiento-social-preventivo-y-obligatorio","tag-gobierno-municipal","tag-hisopados","tag-noticias-de-arroyito-y-zona"],"_links":{"self":[{"href":"https:\/\/arroyitoonline.com.ar\/index.php?rest_route=\/wp\/v2\/posts\/12727","targetHints":{"allow":["GET"]}}],"collection":[{"href":"https:\/\/arroyitoonline.com.ar\/index.php?rest_route=\/wp\/v2\/posts"}],"about":[{"href":"https:\/\/arroyitoonline.com.ar\/index.php?rest_route=\/wp\/v2\/types\/post"}],"author":[{"embeddable":true,"href":"https:\/\/arroyitoonline.com.ar\/index.php?rest_route=\/wp\/v2\/users\/3"}],"replies":[{"embeddable":true,"href":"https:\/\/arroyitoonline.com.ar\/index.php?rest_route=%2Fwp%2Fv2%2Fcomments&post=12727"}],"version-history":[{"count":1,"href":"https:\/\/arroyitoonline.com.ar\/index.php?rest_route=\/wp\/v2\/posts\/12727\/revisions"}],"predecessor-version":[{"id":12728,"href":"https:\/\/arroyitoonline.com.ar\/index.php?rest_route=\/wp\/v2\/posts\/12727\/revisions\/12728"}],"wp:featuredmedia":[{"embeddable":true,"href":"https:\/\/arroyitoonline.com.ar\/index.php?rest_route=\/wp\/v2\/media\/11634"}],"wp:attachment":[{"href":"https:\/\/arroyitoonline.com.ar\/index.php?rest_route=%2Fwp%2Fv2%2Fmedia&parent=12727"}],"wp:term":[{"taxonomy":"category","embeddable":true,"href":"https:\/\/arroyitoonline.com.ar\/index.php?rest_route=%2Fwp%2Fv2%2Fcategories&post=12727"},{"taxonomy":"post_tag","embeddable":true,"href":"https:\/\/arroyitoonline.com.ar\/index.php?rest_route=%2Fwp%2Fv2%2Ftags&post=12727"}],"curies":[{"name":"wp","href":"https:\/\/api.w.org\/{rel}","templated":true}]}}