{"id":12798,"date":"2021-06-15T14:47:50","date_gmt":"2021-06-15T14:47:50","guid":{"rendered":"https:\/\/arroyitoonline.com.ar\/?p=12798"},"modified":"2021-06-15T14:47:56","modified_gmt":"2021-06-15T14:47:56","slug":"reparan-y-toman-juntas-en-calle-favari","status":"publish","type":"post","link":"https:\/\/arroyitoonline.com.ar\/?p=12798","title":{"rendered":"Reparan y toman juntas en calle Favari"},"content":{"rendered":"\n<p><strong>Es en inmediaciones a la plaza Mosconi. Las tareas se extender\u00e1n por alrededor de 40 d\u00edas, en los que el tr\u00e1nsito estar\u00e1 cerrado.<\/strong><\/p>\n\n\n\n<p>En estos momentos, el Municipio se encuentra realizando reparaci\u00f3n y bacheo en la calle Carlos Favari, a la altura de su intersecci\u00f3n con General Paz, lugar lindante con la Plaza Mosconi.<\/p>\n\n\n\n<p>En este marco,<strong> ejecutan la reparaci\u00f3n de cinco pa\u00f1os, por lo que Favari se encontrar\u00e1 cerrada, durante alrededor de 40 d\u00edas.<\/strong><\/p>\n\n\n\n<p><strong>Tambi\u00e9n se est\u00e1 haciendo el tomado de juntas, en diferentes calles de la ciudad, como la avenida Illia y 9 de Julio.<\/strong><\/p>\n","protected":false},"excerpt":{"rendered":"<p>Es en inmediaciones a la plaza Mosconi. Las tareas se extender\u00e1n por alrededor de 40 d\u00edas, en los que el&hellip;<\/p>\n","protected":false},"author":3,"featured_media":12799,"comment_status":"closed","ping_status":"open","sticky":false,"template":"","format":"standard","meta":{"footnotes":""},"categories":[879],"tags":[66,67,836,1241,138,1102,572,732],"class_list":["post-12798","post","type-post","status-publish","format-standard","has-post-thumbnail","hentry","category-servicios-publicos","tag-arroyito","tag-arroyito-cordoba","tag-arroyito-online","tag-bacheo","tag-calles","tag-gobierno-municipal","tag-noticias-de-arroyito-y-zona","tag-servicios-publicos"],"_links":{"self":[{"href":"https:\/\/arroyitoonline.com.ar\/index.php?rest_route=\/wp\/v2\/posts\/12798","targetHints":{"allow":["GET"]}}],"collection":[{"href":"https:\/\/arroyitoonline.com.ar\/index.php?rest_route=\/wp\/v2\/posts"}],"about":[{"href":"https:\/\/arroyitoonline.com.ar\/index.php?rest_route=\/wp\/v2\/types\/post"}],"author":[{"embeddable":true,"href":"https:\/\/arroyitoonline.com.ar\/index.php?rest_route=\/wp\/v2\/users\/3"}],"replies":[{"embeddable":true,"href":"https:\/\/arroyitoonline.com.ar\/index.php?rest_route=%2Fwp%2Fv2%2Fcomments&post=12798"}],"version-history":[{"count":1,"href":"https:\/\/arroyitoonline.com.ar\/index.php?rest_route=\/wp\/v2\/posts\/12798\/revisions"}],"predecessor-version":[{"id":12800,"href":"https:\/\/arroyitoonline.com.ar\/index.php?rest_route=\/wp\/v2\/posts\/12798\/revisions\/12800"}],"wp:featuredmedia":[{"embeddable":true,"href":"https:\/\/arroyitoonline.com.ar\/index.php?rest_route=\/wp\/v2\/media\/12799"}],"wp:attachment":[{"href":"https:\/\/arroyitoonline.com.ar\/index.php?rest_route=%2Fwp%2Fv2%2Fmedia&parent=12798"}],"wp:term":[{"taxonomy":"category","embeddable":true,"href":"https:\/\/arroyitoonline.com.ar\/index.php?rest_route=%2Fwp%2Fv2%2Fcategories&post=12798"},{"taxonomy":"post_tag","embeddable":true,"href":"https:\/\/arroyitoonline.com.ar\/index.php?rest_route=%2Fwp%2Fv2%2Ftags&post=12798"}],"curies":[{"name":"wp","href":"https:\/\/api.w.org\/{rel}","templated":true}]}}