{"id":12801,"date":"2021-06-16T01:56:13","date_gmt":"2021-06-16T01:56:13","guid":{"rendered":"https:\/\/arroyitoonline.com.ar\/?p=12801"},"modified":"2021-06-16T02:16:27","modified_gmt":"2021-06-16T02:16:27","slug":"que-derechos-se-vulneran-cuando-se-viraliza-la-intimidad-de-alguien-sin-su-consentimiento-y-cual-es-la-responsabilidad-de-los-denominados-medios-de-comunicacion","status":"publish","type":"post","link":"https:\/\/arroyitoonline.com.ar\/?p=12801","title":{"rendered":"\u00bfQu\u00e9 derechos se vulneran cuando se viraliza la intimidad de alguien sin su consentimiento? y \u00bfCu\u00e1l es la responsabilidad de los denominados medios de comunicaci\u00f3n?"},"content":{"rendered":"\n<p><strong>Estudio Jur\u00eddico D\u00edaz, Acosta, Fabre &amp; Asociados explic\u00f3 ambos puntos, dados los acontecimientos ocurridos la semana pasada, que tienen en el centro de la escena el (mal) uso de las redes sociales. <\/strong><\/p>\n\n\n\n<p><em>\u00bfQu\u00e9 derechos se vulneran cuando se viraliza la intimidad de alguien sin su consentimiento? \u00bfCu\u00e1l es la responsabilidad de los denominados medios de comunicaci\u00f3n?<\/em>, se preguntan desde <strong>Estudio Jur\u00eddico D\u00edaz, Acosta, Fabre<\/strong> <strong>&amp;<\/strong> <strong>Asociados<\/strong>.<\/p>\n\n\n\n<p>La publicaci\u00f3n viene a cuenta de la difusi\u00f3n del video que se hizo viral el jueves pasado, luego de ser publicado por un medio de comunicaci\u00f3n local, sin tener en cuenta el marco normativo vigente dando lugar a comentarios abiertos sin censura. Un hecho de suma gravedad que habr\u00eda llevado a un j\u00f3ven a tomar la decisi\u00f3n fatal; el cual sigue conmocionando a la sociedad de Arroyito y la regi\u00f3n.<\/p>\n\n\n\n<p><em>EL DERECHO A LA INTIMIDAD<\/em><\/p>\n\n\n\n<p>Es un derecho humano en virtud del cual la persona tiene la facultad y el poder de excluir o negar a las dem\u00e1s personas el conocimiento de su vida personal, y de determinar en qu\u00e9 grado esas dimensiones de la vida personal pueden ser leg\u00edtimamente comunicados a otros.<\/p>\n\n\n\n<p>El derecho a la intimidad se divide en: derecho a la inviolabilidad del domicilio, a la inviolabilidad de la correspondencia, a la intimidad frente a las escuchas telef\u00f3nicas, derecho a la propia imagen, y el derecho a la intimidad frente a la libertad inform\u00e1tica.<\/p>\n\n\n\n<p>Es un derecho humano fundamental que afecta a lo m\u00e1s subjetivo de la persona, su individualidad y sus libertades fundamentales. El derecho a la intimidad es un derecho de la personalidad, al igual que el derecho a la identidad y al honor. Se imponen a terceros, son extrapatrimoniales, irrenunciables e imprescriptibles.<\/p>\n\n\n\n<p>Este derecho a la intimidad o a la privacidad puede contemplarse desde dos aspectos. Negativo o excluyente: la persona no permite o no desea se conozcan ciertos aspectos de su parte m\u00e1s \u00edntima o subjetiva. De car\u00e1cter positivo: conlleva que la persona pueda tener el control de sus propios datos y exigir su actualizaci\u00f3n, rectificaci\u00f3n, correcci\u00f3n o supresi\u00f3n. El derecho a la informaci\u00f3n y a la libertad de expresi\u00f3n no debe menoscabar los derechos de tercero, incluido su honor, dignidad e intimidad.<\/p>\n\n\n\n<p><em>RESPONSABILIDAD DE LOS MEDIOS DE COMUNICACI\u00d3N<\/em><\/p>\n\n\n\n<p>Es una responsabilidad civil, debiendo responder de los da\u00f1os que causen. La responsabilidad es tanto preventiva como resarcitoria. As\u00ed, el C\u00f3digo Civil dispone que toda persona tiene el deber de prevenir un da\u00f1o que se encuentre en su esfera de control conforme al art. 1710 y sig. del CCCN. Y si lo causa, deber\u00e1 indemnizar el da\u00f1o ocasionado conforme art. 1737 del CCCN y sig. Protegen el derecho a la intimidad: el Pacto Internacional de Derechos Civiles y Pol\u00edticos (art. 17) y Convenci\u00f3n Americana sobre Derechos Humanos o Pacto de San Jos\u00e9 (art. 11). La Constituci\u00f3n Nacional, en una interpretaci\u00f3n amplia de <em>\u201cacciones privadas\u201d<\/em> del art. 19. Asimismo tambi\u00e9n contamos con el art\u00edculo 53 del C\u00f3digo Civil y Comercial de la Naci\u00f3n: Derecho a la Imagen.<\/p>\n\n\n\n<p>Fuente: redes sociales de Estudio Jur\u00eddico D\u00edaz, Acosta, Fabre &amp; Asociados. <\/p>\n","protected":false},"excerpt":{"rendered":"<p>Estudio Jur\u00eddico D\u00edaz, Acosta, Fabre &amp; Asociados explic\u00f3 ambos puntos, dados los acontecimientos ocurridos la semana pasada, que tienen en&hellip;<\/p>\n","protected":false},"author":3,"featured_media":12803,"comment_status":"closed","ping_status":"open","sticky":false,"template":"","format":"standard","meta":{"footnotes":""},"categories":[1111],"tags":[18,66,67,836,278,572,676],"class_list":["post-12801","post","type-post","status-publish","format-standard","has-post-thumbnail","hentry","category-justicia","tag-abogado","tag-arroyito","tag-arroyito-cordoba","tag-arroyito-online","tag-derechos-humanos","tag-noticias-de-arroyito-y-zona","tag-redes-sociales"],"_links":{"self":[{"href":"https:\/\/arroyitoonline.com.ar\/index.php?rest_route=\/wp\/v2\/posts\/12801","targetHints":{"allow":["GET"]}}],"collection":[{"href":"https:\/\/arroyitoonline.com.ar\/index.php?rest_route=\/wp\/v2\/posts"}],"about":[{"href":"https:\/\/arroyitoonline.com.ar\/index.php?rest_route=\/wp\/v2\/types\/post"}],"author":[{"embeddable":true,"href":"https:\/\/arroyitoonline.com.ar\/index.php?rest_route=\/wp\/v2\/users\/3"}],"replies":[{"embeddable":true,"href":"https:\/\/arroyitoonline.com.ar\/index.php?rest_route=%2Fwp%2Fv2%2Fcomments&post=12801"}],"version-history":[{"count":4,"href":"https:\/\/arroyitoonline.com.ar\/index.php?rest_route=\/wp\/v2\/posts\/12801\/revisions"}],"predecessor-version":[{"id":12806,"href":"https:\/\/arroyitoonline.com.ar\/index.php?rest_route=\/wp\/v2\/posts\/12801\/revisions\/12806"}],"wp:featuredmedia":[{"embeddable":true,"href":"https:\/\/arroyitoonline.com.ar\/index.php?rest_route=\/wp\/v2\/media\/12803"}],"wp:attachment":[{"href":"https:\/\/arroyitoonline.com.ar\/index.php?rest_route=%2Fwp%2Fv2%2Fmedia&parent=12801"}],"wp:term":[{"taxonomy":"category","embeddable":true,"href":"https:\/\/arroyitoonline.com.ar\/index.php?rest_route=%2Fwp%2Fv2%2Fcategories&post=12801"},{"taxonomy":"post_tag","embeddable":true,"href":"https:\/\/arroyitoonline.com.ar\/index.php?rest_route=%2Fwp%2Fv2%2Ftags&post=12801"}],"curies":[{"name":"wp","href":"https:\/\/api.w.org\/{rel}","templated":true}]}}