{"id":12807,"date":"2021-06-16T14:37:31","date_gmt":"2021-06-16T14:37:31","guid":{"rendered":"https:\/\/arroyitoonline.com.ar\/?p=12807"},"modified":"2021-06-17T14:52:17","modified_gmt":"2021-06-17T14:52:17","slug":"la-policia-desbarato-una-fiesta-clandestina","status":"publish","type":"post","link":"https:\/\/arroyitoonline.com.ar\/?p=12807","title":{"rendered":"La Polic\u00eda desbarat\u00f3 una fiesta clandestina"},"content":{"rendered":"\n<p><strong>El due\u00f1o de la casa qued\u00f3 detenido por supuesta infracci\u00f3n al art\u00edculo 205 del C\u00f3digo Penal, violaci\u00f3n de medidas anti epid\u00e9micas.<\/strong><\/p>\n\n\n\n<p>El domingo a las 4:45 horas de la madrugada, se desarrollaba una fiesta clandestina en un domicilio de la calle Roque S\u00e1enz Pe\u00f1a.<\/p>\n\n\n\n<p>En este marco, se hizo presente el m\u00f3vil policial. Uniformados identificaron a los asistentes librando las actas de infracci\u00f3n correspondientes a la Ley 10.702 Covid-19.<\/p>\n\n\n\n<p>Adem\u00e1s, la Polic\u00eda traslad\u00f3 al propietario de la vivienda, un hombre de 34 a\u00f1os, quien qued\u00f3 detenido por supuesta infracci\u00f3n al art\u00edculo 205 del C\u00f3digo Penal, violaci\u00f3n de medidas anti epid\u00e9micas.<\/p>\n\n\n\n<p>Fuente: informe del comisario Facundo Bosco \u2013 jefe de la Comisar\u00eda Distrito Arroyito.<\/p>\n","protected":false},"excerpt":{"rendered":"<p>El due\u00f1o de la casa qued\u00f3 detenido por supuesta infracci\u00f3n al art\u00edculo 205 del C\u00f3digo Penal, violaci\u00f3n de medidas anti&hellip;<\/p>\n","protected":false},"author":3,"featured_media":3993,"comment_status":"closed","ping_status":"open","sticky":false,"template":"","format":"standard","meta":{"footnotes":""},"categories":[824],"tags":[66,67,836,1108,1152,372,572,635,637,638,825],"class_list":["post-12807","post","type-post","status-publish","format-standard","has-post-thumbnail","hentry","category-policiales-online","tag-arroyito","tag-arroyito-cordoba","tag-arroyito-online","tag-coronavirus","tag-covid-19","tag-fiesta","tag-noticias-de-arroyito-y-zona","tag-policia","tag-policiales","tag-policiales-arroyito","tag-policiales-online"],"_links":{"self":[{"href":"https:\/\/arroyitoonline.com.ar\/index.php?rest_route=\/wp\/v2\/posts\/12807","targetHints":{"allow":["GET"]}}],"collection":[{"href":"https:\/\/arroyitoonline.com.ar\/index.php?rest_route=\/wp\/v2\/posts"}],"about":[{"href":"https:\/\/arroyitoonline.com.ar\/index.php?rest_route=\/wp\/v2\/types\/post"}],"author":[{"embeddable":true,"href":"https:\/\/arroyitoonline.com.ar\/index.php?rest_route=\/wp\/v2\/users\/3"}],"replies":[{"embeddable":true,"href":"https:\/\/arroyitoonline.com.ar\/index.php?rest_route=%2Fwp%2Fv2%2Fcomments&post=12807"}],"version-history":[{"count":1,"href":"https:\/\/arroyitoonline.com.ar\/index.php?rest_route=\/wp\/v2\/posts\/12807\/revisions"}],"predecessor-version":[{"id":12808,"href":"https:\/\/arroyitoonline.com.ar\/index.php?rest_route=\/wp\/v2\/posts\/12807\/revisions\/12808"}],"wp:featuredmedia":[{"embeddable":true,"href":"https:\/\/arroyitoonline.com.ar\/index.php?rest_route=\/wp\/v2\/media\/3993"}],"wp:attachment":[{"href":"https:\/\/arroyitoonline.com.ar\/index.php?rest_route=%2Fwp%2Fv2%2Fmedia&parent=12807"}],"wp:term":[{"taxonomy":"category","embeddable":true,"href":"https:\/\/arroyitoonline.com.ar\/index.php?rest_route=%2Fwp%2Fv2%2Fcategories&post=12807"},{"taxonomy":"post_tag","embeddable":true,"href":"https:\/\/arroyitoonline.com.ar\/index.php?rest_route=%2Fwp%2Fv2%2Ftags&post=12807"}],"curies":[{"name":"wp","href":"https:\/\/api.w.org\/{rel}","templated":true}]}}