{"id":12810,"date":"2021-06-17T02:02:21","date_gmt":"2021-06-17T02:02:21","guid":{"rendered":"https:\/\/arroyitoonline.com.ar\/?p=12810"},"modified":"2021-06-17T02:07:42","modified_gmt":"2021-06-17T02:07:42","slug":"investigan-la-fuga-de-un-auto-tras-chocar-una-moto","status":"publish","type":"post","link":"https:\/\/arroyitoonline.com.ar\/?p=12810","title":{"rendered":"Investigan la fuga de un auto, tras chocar una moto"},"content":{"rendered":"\n<p><strong>Como consecuencia del impacto, la joven motociclista sufri\u00f3 lesiones de car\u00e1cter grave.<\/strong><\/p>\n\n\n\n<p>A las 18:00 horas del martes, la Polic\u00eda tom\u00f3 conocimiento de un accidente de tr\u00e1nsito en la intersecci\u00f3n de las calles Col\u00f3n y Roque S\u00e1enz Pe\u00f1a.<\/p>\n\n\n\n<p>El siniestro fue protagonizado por una moto Guerrero Trip color azul que era conducida por una menor de 17 a\u00f1os la cual, por causas que tratan de establecerse y seg\u00fan dichos de testigos, colision\u00f3 con un auto, que se dio a la fuga.<\/p>\n\n\n\n<p>Producto del impacto, la menor sufri\u00f3 lesiones de car\u00e1cter grave. Intervino en el hecho, la Fiscal\u00eda de Instrucci\u00f3n de nuestra ciudad.<\/p>\n\n\n\n<p>Fuente: secci\u00f3n Prensa UR Departamental San Justo.<\/p>\n","protected":false},"excerpt":{"rendered":"<p>Como consecuencia del impacto, la joven motociclista sufri\u00f3 lesiones de car\u00e1cter grave. A las 18:00 horas del martes, la Polic\u00eda&hellip;<\/p>\n","protected":false},"author":3,"featured_media":9908,"comment_status":"closed","ping_status":"open","sticky":false,"template":"","format":"standard","meta":{"footnotes":""},"categories":[824],"tags":[22,66,67,836,191,1086,635,637,638,825,737],"class_list":["post-12810","post","type-post","status-publish","format-standard","has-post-thumbnail","hentry","category-policiales-online","tag-accidente","tag-arroyito","tag-arroyito-cordoba","tag-arroyito-online","tag-choque","tag-moto","tag-policia","tag-policiales","tag-policiales-arroyito","tag-policiales-online","tag-siniestro-vial"],"_links":{"self":[{"href":"https:\/\/arroyitoonline.com.ar\/index.php?rest_route=\/wp\/v2\/posts\/12810","targetHints":{"allow":["GET"]}}],"collection":[{"href":"https:\/\/arroyitoonline.com.ar\/index.php?rest_route=\/wp\/v2\/posts"}],"about":[{"href":"https:\/\/arroyitoonline.com.ar\/index.php?rest_route=\/wp\/v2\/types\/post"}],"author":[{"embeddable":true,"href":"https:\/\/arroyitoonline.com.ar\/index.php?rest_route=\/wp\/v2\/users\/3"}],"replies":[{"embeddable":true,"href":"https:\/\/arroyitoonline.com.ar\/index.php?rest_route=%2Fwp%2Fv2%2Fcomments&post=12810"}],"version-history":[{"count":2,"href":"https:\/\/arroyitoonline.com.ar\/index.php?rest_route=\/wp\/v2\/posts\/12810\/revisions"}],"predecessor-version":[{"id":12812,"href":"https:\/\/arroyitoonline.com.ar\/index.php?rest_route=\/wp\/v2\/posts\/12810\/revisions\/12812"}],"wp:featuredmedia":[{"embeddable":true,"href":"https:\/\/arroyitoonline.com.ar\/index.php?rest_route=\/wp\/v2\/media\/9908"}],"wp:attachment":[{"href":"https:\/\/arroyitoonline.com.ar\/index.php?rest_route=%2Fwp%2Fv2%2Fmedia&parent=12810"}],"wp:term":[{"taxonomy":"category","embeddable":true,"href":"https:\/\/arroyitoonline.com.ar\/index.php?rest_route=%2Fwp%2Fv2%2Fcategories&post=12810"},{"taxonomy":"post_tag","embeddable":true,"href":"https:\/\/arroyitoonline.com.ar\/index.php?rest_route=%2Fwp%2Fv2%2Ftags&post=12810"}],"curies":[{"name":"wp","href":"https:\/\/api.w.org\/{rel}","templated":true}]}}