{"id":12818,"date":"2021-06-17T13:54:30","date_gmt":"2021-06-17T13:54:30","guid":{"rendered":"https:\/\/arroyitoonline.com.ar\/?p=12818"},"modified":"2021-06-17T14:48:15","modified_gmt":"2021-06-17T14:48:15","slug":"entregan-modulos-alimentarios-de-paicor-en-el-auditorio-coral-2","status":"publish","type":"post","link":"https:\/\/arroyitoonline.com.ar\/?p=12818","title":{"rendered":"Entregan m\u00f3dulos alimentarios de Paicor, en el Auditorio Coral"},"content":{"rendered":"\n<p><strong>Son para los ni\u00f1os y ni\u00f1as inscriptos al Programa, que asist\u00edan a comedores escolares o recib\u00edan este beneficio antes de la pandemia.<\/strong><\/p>\n\n\n\n<p>El Gobierno Municipal est\u00e1 entregando los<strong>\u00a0m\u00f3dulos alimentarios del Programa Provincial de Asistencia Integral Paicor,\u00a0correspondientes al mes de junio<\/strong>. 1300 ni\u00f1os y ni\u00f1as estudiantes reciben estos m\u00f3dulos de manera mensual. El Gobierno Municipal ha sumado a m\u00e1s de 300 chicos desde el inicio de la gesti\u00f3n.<\/p>\n\n\n\n<p>La medida, que viene realiz\u00e1ndose desde el inicio de la pandemia, se enmarca en la garantizaci\u00f3n de la continuidad del programa, la alimentaci\u00f3n y nutrici\u00f3n de ni\u00f1os y ni\u00f1as, a\u00fan cuando no asistan a clases debido al aislamiento.<\/p>\n\n\n\n<figure class=\"wp-block-image\"><img loading=\"lazy\" decoding=\"async\" width=\"855\" height=\"857\" src=\"https:\/\/arroyitoonline.com.ar\/wp-content\/uploads\/2020\/09\/PAICOR.jpeg\" alt=\"\" class=\"wp-image-10192\" srcset=\"https:\/\/arroyitoonline.com.ar\/wp-content\/uploads\/2020\/09\/PAICOR.jpeg 855w, https:\/\/arroyitoonline.com.ar\/wp-content\/uploads\/2020\/09\/PAICOR-300x300.jpeg 300w, https:\/\/arroyitoonline.com.ar\/wp-content\/uploads\/2020\/09\/PAICOR-150x150.jpeg 150w, https:\/\/arroyitoonline.com.ar\/wp-content\/uploads\/2020\/09\/PAICOR-768x770.jpeg 768w\" sizes=\"auto, (max-width: 855px) 100vw, 855px\" \/><\/figure>\n\n\n\n<p>Los beneficiarios deben retirar estos m\u00f3dulos en el<strong>\u00a0Auditorio Coral (Rivadavia 350), de 8:00 a 14:00 horas<\/strong>, bajo el siguiente calendario:<\/p>\n\n\n\n<ul class=\"wp-block-list\"><li><strong>Jueves 17 de junio:<\/strong>\u00a0Esc. M. Belgrano y Jos\u00e9 M. Paz y Jard\u00edn de Infantes Leopoldo Lugones.<\/li><li><strong>Viernes 18 de junio:<\/strong>\u00a0Esc. Jos\u00e9 Gim\u00e9nez Lagos y Claudio C\u00e9sar Ju\u00e1rez y Jard\u00edn de Infantes Carlos Alberto Leguizam\u00f3n.<\/li><li><strong>Martes 22 de junio de 2021:<\/strong>\u00a0Esc. Carolina Tobar Garc\u00eda, ProA Arroyito y Mar\u00eda Teresa Navarro y Jard\u00edn de Infantes Fulvio Pagani.<\/li><li><strong>Mi\u00e9rcoles 23 de junio:<\/strong>\u00a0Ipetaym N\u00b0 68 Coronel Don Luis \u00c1lvarez.<\/li><\/ul>\n\n\n\n<p>Adem\u00e1s, durante los martes 22 y mi\u00e9rcoles 23 se entregar\u00e1n en las instituciones educativas de El Fuertecito, Arroyo de los Leones, El Descanso y La Curva.<\/p>\n","protected":false},"excerpt":{"rendered":"<p>Son para los ni\u00f1os y ni\u00f1as inscriptos al Programa, que asist\u00edan a comedores escolares o recib\u00edan este beneficio antes de&hellip;<\/p>\n","protected":false},"author":3,"featured_media":9849,"comment_status":"closed","ping_status":"open","sticky":false,"template":"","format":"standard","meta":{"footnotes":""},"categories":[962],"tags":[66,67,836,1224,404,405,1102,570,593],"class_list":["post-12818","post","type-post","status-publish","format-standard","has-post-thumbnail","hentry","category-ninez-y-adolescencia","tag-arroyito","tag-arroyito-cordoba","tag-arroyito-online","tag-auditorio-coral","tag-gobierno-de-cordoba","tag-gobierno-de-la-provincia","tag-gobierno-municipal","tag-ninez","tag-paicor"],"_links":{"self":[{"href":"https:\/\/arroyitoonline.com.ar\/index.php?rest_route=\/wp\/v2\/posts\/12818","targetHints":{"allow":["GET"]}}],"collection":[{"href":"https:\/\/arroyitoonline.com.ar\/index.php?rest_route=\/wp\/v2\/posts"}],"about":[{"href":"https:\/\/arroyitoonline.com.ar\/index.php?rest_route=\/wp\/v2\/types\/post"}],"author":[{"embeddable":true,"href":"https:\/\/arroyitoonline.com.ar\/index.php?rest_route=\/wp\/v2\/users\/3"}],"replies":[{"embeddable":true,"href":"https:\/\/arroyitoonline.com.ar\/index.php?rest_route=%2Fwp%2Fv2%2Fcomments&post=12818"}],"version-history":[{"count":2,"href":"https:\/\/arroyitoonline.com.ar\/index.php?rest_route=\/wp\/v2\/posts\/12818\/revisions"}],"predecessor-version":[{"id":12825,"href":"https:\/\/arroyitoonline.com.ar\/index.php?rest_route=\/wp\/v2\/posts\/12818\/revisions\/12825"}],"wp:featuredmedia":[{"embeddable":true,"href":"https:\/\/arroyitoonline.com.ar\/index.php?rest_route=\/wp\/v2\/media\/9849"}],"wp:attachment":[{"href":"https:\/\/arroyitoonline.com.ar\/index.php?rest_route=%2Fwp%2Fv2%2Fmedia&parent=12818"}],"wp:term":[{"taxonomy":"category","embeddable":true,"href":"https:\/\/arroyitoonline.com.ar\/index.php?rest_route=%2Fwp%2Fv2%2Fcategories&post=12818"},{"taxonomy":"post_tag","embeddable":true,"href":"https:\/\/arroyitoonline.com.ar\/index.php?rest_route=%2Fwp%2Fv2%2Ftags&post=12818"}],"curies":[{"name":"wp","href":"https:\/\/api.w.org\/{rel}","templated":true}]}}