{"id":12835,"date":"2021-06-21T23:27:46","date_gmt":"2021-06-21T23:27:46","guid":{"rendered":"https:\/\/arroyitoonline.com.ar\/?p=12835"},"modified":"2021-06-22T14:39:35","modified_gmt":"2021-06-22T14:39:35","slug":"comenzo-la-semana-provincial-de-la-prevencion-del-consumo-de-drogas","status":"publish","type":"post","link":"https:\/\/arroyitoonline.com.ar\/?p=12835","title":{"rendered":"Comenz\u00f3 la Semana Provincial de la Prevenci\u00f3n del Consumo de Drogas"},"content":{"rendered":"\n<p><strong>La iniciativa se extiende desde este lunes 21 hasta el pr\u00f3ximo 28 de junio, con charlas debate y encuentros virtuales.<\/strong><\/p>\n\n\n\n<p>Este lunes 21 comenz\u00f3 la<strong> Semana Provincial de la Prevenci\u00f3n del Consumo de Drogas<\/strong>. La iniciativa, que es impulsada por la Secretar\u00eda de Prevenci\u00f3n y Asistencia de las Adicciones del Ministerio de Salud del Gobierno de C\u00f3rdoba, se extiende hasta el lunes 28 de junio.<\/p>\n\n\n\n<p><strong>Este a\u00f1o se abordan cuatro ejes centrales: consumo de alcohol en el embarazo, consumo de alcohol durante la lactancia, consumo de tabaco y escenario post aislamiento.<\/strong><\/p>\n\n\n\n<figure class=\"wp-block-image size-large\"><img loading=\"lazy\" decoding=\"async\" width=\"1024\" height=\"1024\" src=\"https:\/\/arroyitoonline.com.ar\/wp-content\/uploads\/2021\/06\/semana-prevenci\u00f3n-drogas-1024x1024.jpeg\" alt=\"\" class=\"wp-image-12836\" srcset=\"https:\/\/arroyitoonline.com.ar\/wp-content\/uploads\/2021\/06\/semana-prevenci\u00f3n-drogas-1024x1024.jpeg 1024w, https:\/\/arroyitoonline.com.ar\/wp-content\/uploads\/2021\/06\/semana-prevenci\u00f3n-drogas-300x300.jpeg 300w, https:\/\/arroyitoonline.com.ar\/wp-content\/uploads\/2021\/06\/semana-prevenci\u00f3n-drogas-150x150.jpeg 150w, https:\/\/arroyitoonline.com.ar\/wp-content\/uploads\/2021\/06\/semana-prevenci\u00f3n-drogas-768x768.jpeg 768w, https:\/\/arroyitoonline.com.ar\/wp-content\/uploads\/2021\/06\/semana-prevenci\u00f3n-drogas.jpeg 1280w\" sizes=\"auto, (max-width: 1024px) 100vw, 1024px\" \/><\/figure>\n\n\n\n<p>En este marco, se desarrollan actividades en cada localidad de la provincia donde se encuentran los Centros de la Red Asistencia de las Adicciones de C\u00f3rdoba (RAAC).<\/p>\n\n\n\n<p><strong>Entre las acciones propuestas, se destacan charlas debate y encuentros virtuales, as\u00ed como diversas campa\u00f1as de sensibilizaci\u00f3n y concientizaci\u00f3n.<\/strong><\/p>\n\n\n\n<figure class=\"wp-block-image size-large\"><img loading=\"lazy\" decoding=\"async\" width=\"1024\" height=\"1024\" src=\"https:\/\/arroyitoonline.com.ar\/wp-content\/uploads\/2021\/06\/semana-consumo-drogas-cronograma-1024x1024.jpg\" alt=\"\" class=\"wp-image-12837\" srcset=\"https:\/\/arroyitoonline.com.ar\/wp-content\/uploads\/2021\/06\/semana-consumo-drogas-cronograma.jpg 1024w, https:\/\/arroyitoonline.com.ar\/wp-content\/uploads\/2021\/06\/semana-consumo-drogas-cronograma-300x300.jpg 300w, https:\/\/arroyitoonline.com.ar\/wp-content\/uploads\/2021\/06\/semana-consumo-drogas-cronograma-150x150.jpg 150w, https:\/\/arroyitoonline.com.ar\/wp-content\/uploads\/2021\/06\/semana-consumo-drogas-cronograma-768x768.jpg 768w\" sizes=\"auto, (max-width: 1024px) 100vw, 1024px\" \/><\/figure>\n\n\n\n<p>Te dejamos el cronograma completo:<\/p>\n\n\n\n<ul class=\"wp-block-list\"><li><strong>Lunes 21 de junio:<\/strong> mensaje de Dario Gigena Parker, secretario de Prevenci\u00f3n y Asistencia a las Adicciones del Gobierno de la Provincia de C\u00f3rdoba.<\/li><li><strong>Lunes 21 de junio:<\/strong>\u00a0declaraci\u00f3n de Inter\u00e9s Municipal de la Semana de Prevenci\u00f3n del Consumo de Drogas e invitaci\u00f3n a las instituciones locales a adherirse.<\/li><li><strong>Martes 22 de junio:\u00a0<\/strong>mensaje de Alberto Trimboli, director Nacional de Investigaci\u00f3n del Sedronar.<\/li><li><strong>Mi\u00e9rcoles 23 de junio:<\/strong>\u00a0mensaje de la coordinadora RAAC Interior y coordinadora de la RAAC Arroyito, Clara Guti\u00e9rrez.<\/li><li><strong>Jueves 24 de junio:<\/strong>\u00a0difusi\u00f3n de diversas actividades de adhesi\u00f3n por parte de las instituciones locales, a la Semana de Prevenci\u00f3n.<\/li><li><strong>Viernes 25 de junio:<\/strong>\u00a0creaci\u00f3n del Consejo Municipal de Pol\u00edticas Integrales de Prevenci\u00f3n del Consumo de Drogas.<\/li><li><strong>S\u00e1bado 26 de junio:<\/strong>\u00a0el edificio municipal se ti\u00f1e de azul, conmemorando la lucha contra las adicciones, en el D\u00eda Internacional de la Lucha contra el Uso Indebido y el Tr\u00e1fico Il\u00edcito de Drogas.<\/li><li><strong>Lunes 28 de junio:<\/strong>\u00a0mensaje de Marcelo <em>\u201dTeto\u201d<\/em> Medina sobre su recuperaci\u00f3n y prevenci\u00f3n del consumo.<\/li><\/ul>\n\n\n\n<p><em>Declaraci\u00f3n de Inter\u00e9s Municipal<\/em><\/p>\n\n\n\n<p>Hoy, el<strong> intendente firm\u00f3 el decreto que declara <strong>de Inter\u00e9s Municipal<\/strong> la Semana de Prevenci\u00f3n del Consumo de Drogas.<\/strong> En el inicio de su gesti\u00f3n, Benedetti <strong>cre\u00f3 la Direcci\u00f3n de Adicciones<\/strong>, y<strong> puso en marcha la RAAC<\/strong>&nbsp;(Red de asistencia a las Adicciones), con un gran equipo de profesionales para la atenci\u00f3n de este flagelo.<\/p>\n\n\n\n<figure class=\"wp-block-embed-youtube wp-block-embed is-type-video is-provider-youtube wp-embed-aspect-16-9 wp-has-aspect-ratio\"><div class=\"wp-block-embed__wrapper\">\n<div class=\"epyt-video-wrapper\"><iframe loading=\"lazy\"  style=\"display: block; margin: 0px auto;\"  id=\"_ytid_75859\"  width=\"1140\" height=\"641\"  data-origwidth=\"1140\" data-origheight=\"641\" src=\"https:\/\/www.youtube.com\/embed\/8RLhgrLfc1A?enablejsapi=1&#038;autoplay=0&#038;cc_load_policy=1&#038;cc_lang_pref=&#038;iv_load_policy=3&#038;loop=0&#038;rel=1&#038;fs=1&#038;playsinline=0&#038;autohide=2&#038;theme=dark&#038;color=red&#038;controls=1&#038;disablekb=0&#038;\" class=\"__youtube_prefs__  epyt-is-override  no-lazyload\" title=\"YouTube player\"  allow=\"fullscreen; accelerometer; autoplay; clipboard-write; encrypted-media; gyroscope; picture-in-picture; web-share\" referrerpolicy=\"strict-origin-when-cross-origin\" allowfullscreen data-no-lazy=\"1\" data-skipgform_ajax_framebjll=\"\"><\/iframe><\/div>\n<\/div><figcaption><em>El comunicado del intendente Benedetti declarando <em>de Inter\u00e9s Municipal<\/em><\/em>, <em>la Semana de Prevenci\u00f3n del Consumo de Drogas.<\/em><\/figcaption><\/figure>\n\n\n\n<p>Adem\u00e1s, el viernes 25 de junio se crear\u00e1 el&nbsp;<strong>Consejo Municipal de Pol\u00edticas Integrales de Prevenci\u00f3n del Consumo de Drogas<\/strong>. Quienes quieran participar deben contactarse al n\u00famero de tel\u00e9fono 3576 657167.<\/p>\n\n\n\n<p><strong>Cuando luchamos contra las drogas, luchamos por el futuro.<\/strong><\/p>\n","protected":false},"excerpt":{"rendered":"<p>La iniciativa se extiende desde este lunes 21 hasta el pr\u00f3ximo 28 de junio, con charlas debate y encuentros virtuales.&hellip;<\/p>\n","protected":false},"author":3,"featured_media":12838,"comment_status":"closed","ping_status":"open","sticky":false,"template":"","format":"standard","meta":{"footnotes":""},"categories":[829],"tags":[66,67,836,115,302,303,968,572,1242],"class_list":["post-12835","post","type-post","status-publish","format-standard","has-post-thumbnail","hentry","category-municipales-online","tag-arroyito","tag-arroyito-cordoba","tag-arroyito-online","tag-benedetti","tag-drogadiccion","tag-drogas","tag-gustavo-benedetti","tag-noticias-de-arroyito-y-zona","tag-semana-de-prevencion-del-consumo-de-drogas"],"_links":{"self":[{"href":"https:\/\/arroyitoonline.com.ar\/index.php?rest_route=\/wp\/v2\/posts\/12835","targetHints":{"allow":["GET"]}}],"collection":[{"href":"https:\/\/arroyitoonline.com.ar\/index.php?rest_route=\/wp\/v2\/posts"}],"about":[{"href":"https:\/\/arroyitoonline.com.ar\/index.php?rest_route=\/wp\/v2\/types\/post"}],"author":[{"embeddable":true,"href":"https:\/\/arroyitoonline.com.ar\/index.php?rest_route=\/wp\/v2\/users\/3"}],"replies":[{"embeddable":true,"href":"https:\/\/arroyitoonline.com.ar\/index.php?rest_route=%2Fwp%2Fv2%2Fcomments&post=12835"}],"version-history":[{"count":2,"href":"https:\/\/arroyitoonline.com.ar\/index.php?rest_route=\/wp\/v2\/posts\/12835\/revisions"}],"predecessor-version":[{"id":12860,"href":"https:\/\/arroyitoonline.com.ar\/index.php?rest_route=\/wp\/v2\/posts\/12835\/revisions\/12860"}],"wp:featuredmedia":[{"embeddable":true,"href":"https:\/\/arroyitoonline.com.ar\/index.php?rest_route=\/wp\/v2\/media\/12838"}],"wp:attachment":[{"href":"https:\/\/arroyitoonline.com.ar\/index.php?rest_route=%2Fwp%2Fv2%2Fmedia&parent=12835"}],"wp:term":[{"taxonomy":"category","embeddable":true,"href":"https:\/\/arroyitoonline.com.ar\/index.php?rest_route=%2Fwp%2Fv2%2Fcategories&post=12835"},{"taxonomy":"post_tag","embeddable":true,"href":"https:\/\/arroyitoonline.com.ar\/index.php?rest_route=%2Fwp%2Fv2%2Ftags&post=12835"}],"curies":[{"name":"wp","href":"https:\/\/api.w.org\/{rel}","templated":true}]}}