{"id":12856,"date":"2021-06-22T14:24:20","date_gmt":"2021-06-22T14:24:20","guid":{"rendered":"https:\/\/arroyitoonline.com.ar\/?p=12856"},"modified":"2021-06-22T14:24:22","modified_gmt":"2021-06-22T14:24:22","slug":"covid-19-en-arroyito-fallecio-un-hombre-de-74-anos","status":"publish","type":"post","link":"https:\/\/arroyitoonline.com.ar\/?p=12856","title":{"rendered":"Covid-19 en Arroyito: falleci\u00f3 un hombre de 74 a\u00f1os"},"content":{"rendered":"\n<p><strong>Hasta el momento, son 65 los decesos en el \u00e1mbito local, vinculados a la pandemia coronavirus.<\/strong><\/p>\n\n\n\n<p>Ayer se produjo el fallecimiento de otro paciente de Arroyito con covid-19. Se trata de un hombre de 74 a\u00f1os que se encontraba internado. Hasta el momento, son 65 los decesos en el \u00e1mbito local, vinculados a la pandemia coronavirus.<\/p>\n\n\n\n<p>Adem\u00e1s, seg\u00fan lo inform\u00f3 el CEA, se registraron seis nuevos casos de covid-19 en Arroyito, haciendo un total de 102 positivos activos.<\/p>\n\n\n\n<p>Este lunes se recuperaron 27 personas recibiendo alta de aislamiento. El n\u00famero de pacientes recuperados hasta el momento es de 3210.<\/p>\n\n\n\n<p>Desde que comenz\u00f3 la emergencia sanitaria se contabiliza un total de 3377 casos (sumando los actuales activos, recuperados y 65 decesos).<\/p>\n","protected":false},"excerpt":{"rendered":"<p>Hasta el momento, son 65 los decesos en el \u00e1mbito local, vinculados a la pandemia coronavirus. Ayer se produjo el&hellip;<\/p>\n","protected":false},"author":3,"featured_media":11634,"comment_status":"closed","ping_status":"open","sticky":false,"template":"","format":"standard","meta":{"footnotes":""},"categories":[9],"tags":[66,67,836,1149,1108,1152,1102,1160,1177,572],"class_list":["post-12856","post","type-post","status-publish","format-standard","has-post-thumbnail","hentry","category-infosalud","tag-arroyito","tag-arroyito-cordoba","tag-arroyito-online","tag-centro-de-emergencias-de-arroyito","tag-coronavirus","tag-covid-19","tag-gobierno-municipal","tag-hisopados","tag-hospital-municipal-carlos-j-rodriguez","tag-noticias-de-arroyito-y-zona"],"_links":{"self":[{"href":"https:\/\/arroyitoonline.com.ar\/index.php?rest_route=\/wp\/v2\/posts\/12856","targetHints":{"allow":["GET"]}}],"collection":[{"href":"https:\/\/arroyitoonline.com.ar\/index.php?rest_route=\/wp\/v2\/posts"}],"about":[{"href":"https:\/\/arroyitoonline.com.ar\/index.php?rest_route=\/wp\/v2\/types\/post"}],"author":[{"embeddable":true,"href":"https:\/\/arroyitoonline.com.ar\/index.php?rest_route=\/wp\/v2\/users\/3"}],"replies":[{"embeddable":true,"href":"https:\/\/arroyitoonline.com.ar\/index.php?rest_route=%2Fwp%2Fv2%2Fcomments&post=12856"}],"version-history":[{"count":1,"href":"https:\/\/arroyitoonline.com.ar\/index.php?rest_route=\/wp\/v2\/posts\/12856\/revisions"}],"predecessor-version":[{"id":12857,"href":"https:\/\/arroyitoonline.com.ar\/index.php?rest_route=\/wp\/v2\/posts\/12856\/revisions\/12857"}],"wp:featuredmedia":[{"embeddable":true,"href":"https:\/\/arroyitoonline.com.ar\/index.php?rest_route=\/wp\/v2\/media\/11634"}],"wp:attachment":[{"href":"https:\/\/arroyitoonline.com.ar\/index.php?rest_route=%2Fwp%2Fv2%2Fmedia&parent=12856"}],"wp:term":[{"taxonomy":"category","embeddable":true,"href":"https:\/\/arroyitoonline.com.ar\/index.php?rest_route=%2Fwp%2Fv2%2Fcategories&post=12856"},{"taxonomy":"post_tag","embeddable":true,"href":"https:\/\/arroyitoonline.com.ar\/index.php?rest_route=%2Fwp%2Fv2%2Ftags&post=12856"}],"curies":[{"name":"wp","href":"https:\/\/api.w.org\/{rel}","templated":true}]}}