{"id":12863,"date":"2021-06-23T13:21:18","date_gmt":"2021-06-23T13:21:18","guid":{"rendered":"https:\/\/arroyitoonline.com.ar\/?p=12863"},"modified":"2021-06-23T13:21:20","modified_gmt":"2021-06-23T13:21:20","slug":"covid-19-en-arroyito-murio-una-joven-de-30-anos","status":"publish","type":"post","link":"https:\/\/arroyitoonline.com.ar\/?p=12863","title":{"rendered":"Covid-19 en Arroyito: muri\u00f3 una joven de 30 a\u00f1os"},"content":{"rendered":"\n<p><strong>Se trata de la persona de menor edad de nuestra ciudad, que ha perdido la vida luego de contraer coronavirus. <\/strong><\/p>\n\n\n\n<p>Ayer se produjo el fallecimiento de otro paciente de Arroyito con covid-19. Se trata de una joven de 30 a\u00f1os, que se encontraba internada en la ciudad de C\u00f3rdoba, donde resid\u00eda y transcurri\u00f3 la enfermedad. Hasta el momento, son 66 los decesos en el \u00e1mbito local, vinculados a la pandemia coronavirus.<\/p>\n\n\n\n<p>Adem\u00e1s, seg\u00fan lo inform\u00f3 el CEA, se registraron 18 nuevos casos de covid-19 en Arroyito, haciendo un total de 109 positivos activos.<\/p>\n\n\n\n<p>Este martes se recuperaron 10 personas recibiendo alta de aislamiento. El n\u00famero de pacientes recuperados hasta el momento es de 3220.<\/p>\n\n\n\n<p>Desde que comenz\u00f3 la emergencia sanitaria se contabiliza un total de 3395 casos (sumando los actuales activos, recuperados y 66 decesos).<\/p>\n","protected":false},"excerpt":{"rendered":"<p>Se trata de la persona de menor edad de nuestra ciudad, que ha perdido la vida luego de contraer coronavirus.&hellip;<\/p>\n","protected":false},"author":3,"featured_media":11631,"comment_status":"closed","ping_status":"open","sticky":false,"template":"","format":"standard","meta":{"footnotes":""},"categories":[9],"tags":[66,67,836,1149,1108,1152,1102,1160,548,572,706],"class_list":["post-12863","post","type-post","status-publish","format-standard","has-post-thumbnail","hentry","category-infosalud","tag-arroyito","tag-arroyito-cordoba","tag-arroyito-online","tag-centro-de-emergencias-de-arroyito","tag-coronavirus","tag-covid-19","tag-gobierno-municipal","tag-hisopados","tag-muerte","tag-noticias-de-arroyito-y-zona","tag-salud"],"_links":{"self":[{"href":"https:\/\/arroyitoonline.com.ar\/index.php?rest_route=\/wp\/v2\/posts\/12863","targetHints":{"allow":["GET"]}}],"collection":[{"href":"https:\/\/arroyitoonline.com.ar\/index.php?rest_route=\/wp\/v2\/posts"}],"about":[{"href":"https:\/\/arroyitoonline.com.ar\/index.php?rest_route=\/wp\/v2\/types\/post"}],"author":[{"embeddable":true,"href":"https:\/\/arroyitoonline.com.ar\/index.php?rest_route=\/wp\/v2\/users\/3"}],"replies":[{"embeddable":true,"href":"https:\/\/arroyitoonline.com.ar\/index.php?rest_route=%2Fwp%2Fv2%2Fcomments&post=12863"}],"version-history":[{"count":1,"href":"https:\/\/arroyitoonline.com.ar\/index.php?rest_route=\/wp\/v2\/posts\/12863\/revisions"}],"predecessor-version":[{"id":12864,"href":"https:\/\/arroyitoonline.com.ar\/index.php?rest_route=\/wp\/v2\/posts\/12863\/revisions\/12864"}],"wp:featuredmedia":[{"embeddable":true,"href":"https:\/\/arroyitoonline.com.ar\/index.php?rest_route=\/wp\/v2\/media\/11631"}],"wp:attachment":[{"href":"https:\/\/arroyitoonline.com.ar\/index.php?rest_route=%2Fwp%2Fv2%2Fmedia&parent=12863"}],"wp:term":[{"taxonomy":"category","embeddable":true,"href":"https:\/\/arroyitoonline.com.ar\/index.php?rest_route=%2Fwp%2Fv2%2Fcategories&post=12863"},{"taxonomy":"post_tag","embeddable":true,"href":"https:\/\/arroyitoonline.com.ar\/index.php?rest_route=%2Fwp%2Fv2%2Ftags&post=12863"}],"curies":[{"name":"wp","href":"https:\/\/api.w.org\/{rel}","templated":true}]}}