{"id":12868,"date":"2021-06-23T14:44:29","date_gmt":"2021-06-23T14:44:29","guid":{"rendered":"https:\/\/arroyitoonline.com.ar\/?p=12868"},"modified":"2021-06-23T18:07:16","modified_gmt":"2021-06-23T18:07:16","slug":"de-arroyito-al-pais-sebas-colazo-llega-a-la-television-abierta-con-su-cajera-de-supermercado","status":"publish","type":"post","link":"https:\/\/arroyitoonline.com.ar\/?p=12868","title":{"rendered":"De Arroyito al pa\u00eds: Sebas Colazo llega a la televisi\u00f3n abierta con su cajera de supermercado"},"content":{"rendered":"\n<p><strong>Fue convocado por la productora de Marcelo Tinelli y participar\u00e1 del programa S\u00faper S\u00faper, de lunes a viernes a las 16:00, por Canal 9.<\/strong><\/p>\n\n\n\n<p>El histri\u00f3nico <strong>Sebasti\u00e1n Colazo<\/strong> est\u00e1 cumpliendo su sue\u00f1o. Hace algunos d\u00edas, el <strong>joven locutor y tiktoker de Arroyito <\/strong>fue convocado por la productora de contenidos<strong> LaFlia<\/strong>, <strong>creada y dirigida por Marcelo Tinelli<\/strong>, para sumarse al nuevo ciclo de <strong>Canal 9<\/strong>, <strong>S\u00faper S\u00faper<\/strong>,<strong> conducido por Jos\u00e9 Mar\u00eda Listorti<\/strong>.<\/p>\n\n\n\n<p>Al respecto, el ide\u00f3logo de desopilantes personajes vinculados a la atenci\u00f3n al p\u00fablico, dijo a<strong> Arroyito Online<\/strong> que se encuentra muy feliz por esta oportunidad.<\/p>\n\n\n\n<blockquote class=\"wp-block-quote is-layout-flow wp-block-quote-is-layout-flow\"><p><em>&#8220;Ha sido incre\u00edble, desde que me llamaron y pensaron en m\u00ed. Hac\u00eda rato que estaban viendo el personaje y les hab\u00eda gustado al productor general y a Jos\u00e9 Mar\u00eda. Tuvimos un primer ensayo y, al d\u00eda siguiente, me dijeron \u00a8pas\u00e1 por maquillaje\u00a8. Estuvimos grabando programas adelantados. Es lo que siempre quise, que reconozcan el laburo. Es incre\u00edble todo. Si no hubiese sido por las redes, que dan tanta magnitud a todo, a lo mejor no me conocer\u00edan. Es muy fuerte y lindo&#8221;<\/em><\/p><cite>cont\u00f3 Sebas Colazo<\/cite><\/blockquote>\n\n\n\n<p>Ser\u00e1 su popular <strong>cajera de supermercado<\/strong> la que tendr\u00e1 un lugar preferencial en las tardes del Nueve, desde este mi\u00e9rcoles 23, en un <strong>formato de entretenimientos y juegos para toda la familia, que ir\u00e1 de lunes a viernes desde las 16:00 horas<\/strong>.<\/p>\n\n\n\n<p><em>&#8220;La participaci\u00f3n de la cajera va a ir en aumento en el programa, es para divertirse. Vicky ser\u00eda una especie de secretaria de Jos\u00e9 Mar\u00eda. Al ser participantes nuevos todos los d\u00edas, tiene una din\u00e1mica muy especial&#8221;<\/em>, sentenci\u00f3 e invit\u00f3 a que no se lo pierdan. <\/p>\n\n\n\n<div class=\"wp-block-image\"><figure class=\"aligncenter size-large\"><img loading=\"lazy\" decoding=\"async\" width=\"575\" height=\"1024\" src=\"https:\/\/arroyitoonline.com.ar\/wp-content\/uploads\/2021\/06\/la-cajera-sebas-colazo-575x1024.jpg\" alt=\"\" class=\"wp-image-12869\" srcset=\"https:\/\/arroyitoonline.com.ar\/wp-content\/uploads\/2021\/06\/la-cajera-sebas-colazo-575x1024.jpg 575w, https:\/\/arroyitoonline.com.ar\/wp-content\/uploads\/2021\/06\/la-cajera-sebas-colazo-169x300.jpg 169w, https:\/\/arroyitoonline.com.ar\/wp-content\/uploads\/2021\/06\/la-cajera-sebas-colazo.jpg 719w\" sizes=\"auto, (max-width: 575px) 100vw, 575px\" \/><figcaption><em>Sebas Colazo caracterizado como &#8220;la cajera&#8221; Vicky.<\/em><\/figcaption><\/figure><\/div>\n\n\n\n<p>Por \u00faltimo, y consultado sobre c\u00f3mo se siente haciendo tele en pandemia, Colazo explic\u00f3 que <em>&#8220;los protocolos se cumplen muy bien. Todo el mundo est\u00e1 con barbijo e hisopado. Los que estamos frente a la grabaci\u00f3n estamos sin barbijo, pero el resto s\u00ed usa y respetando la distancia social. Hay que adaptarse para seguir&#8221;<\/em>. <\/p>\n\n\n\n<p><strong>Sebasti\u00e1n Colazo<\/strong> tiene un <strong>Tik Tok con m\u00e1s de 362.000 seguidores y siete millones y medio de Me gusta<\/strong>. En <strong>Instagram<\/strong>, por su parte, <strong>lo siguen m\u00e1s de 55.000 usuarios<\/strong>. Su contenido comenz\u00f3 a volverse viral con los primeros videos de la cajera y continu\u00f3 el \u00e9xito con incorporaciones como la empleada municipal y la preceptora, entre otras. <\/p>\n","protected":false},"excerpt":{"rendered":"<p>Fue convocado por la productora de Marcelo Tinelli y participar\u00e1 del programa S\u00faper S\u00faper, de lunes a viernes a las&hellip;<\/p>\n","protected":false},"author":3,"featured_media":12870,"comment_status":"closed","ping_status":"open","sticky":false,"template":"","format":"standard","meta":{"footnotes":""},"categories":[826],"tags":[66,67,836,351,862,572,676,758],"class_list":["post-12868","post","type-post","status-publish","format-standard","has-post-thumbnail","hentry","category-espectaculos-online","tag-arroyito","tag-arroyito-cordoba","tag-arroyito-online","tag-espectaculos","tag-espectaculos-online","tag-noticias-de-arroyito-y-zona","tag-redes-sociales","tag-television"],"_links":{"self":[{"href":"https:\/\/arroyitoonline.com.ar\/index.php?rest_route=\/wp\/v2\/posts\/12868","targetHints":{"allow":["GET"]}}],"collection":[{"href":"https:\/\/arroyitoonline.com.ar\/index.php?rest_route=\/wp\/v2\/posts"}],"about":[{"href":"https:\/\/arroyitoonline.com.ar\/index.php?rest_route=\/wp\/v2\/types\/post"}],"author":[{"embeddable":true,"href":"https:\/\/arroyitoonline.com.ar\/index.php?rest_route=\/wp\/v2\/users\/3"}],"replies":[{"embeddable":true,"href":"https:\/\/arroyitoonline.com.ar\/index.php?rest_route=%2Fwp%2Fv2%2Fcomments&post=12868"}],"version-history":[{"count":2,"href":"https:\/\/arroyitoonline.com.ar\/index.php?rest_route=\/wp\/v2\/posts\/12868\/revisions"}],"predecessor-version":[{"id":12872,"href":"https:\/\/arroyitoonline.com.ar\/index.php?rest_route=\/wp\/v2\/posts\/12868\/revisions\/12872"}],"wp:featuredmedia":[{"embeddable":true,"href":"https:\/\/arroyitoonline.com.ar\/index.php?rest_route=\/wp\/v2\/media\/12870"}],"wp:attachment":[{"href":"https:\/\/arroyitoonline.com.ar\/index.php?rest_route=%2Fwp%2Fv2%2Fmedia&parent=12868"}],"wp:term":[{"taxonomy":"category","embeddable":true,"href":"https:\/\/arroyitoonline.com.ar\/index.php?rest_route=%2Fwp%2Fv2%2Fcategories&post=12868"},{"taxonomy":"post_tag","embeddable":true,"href":"https:\/\/arroyitoonline.com.ar\/index.php?rest_route=%2Fwp%2Fv2%2Ftags&post=12868"}],"curies":[{"name":"wp","href":"https:\/\/api.w.org\/{rel}","templated":true}]}}