{"id":12873,"date":"2021-06-23T18:40:09","date_gmt":"2021-06-23T18:40:09","guid":{"rendered":"https:\/\/arroyitoonline.com.ar\/?p=12873"},"modified":"2021-06-23T18:40:10","modified_gmt":"2021-06-23T18:40:10","slug":"en-reunion-social-no-autorizada-la-policia-secuestro-una-moto","status":"publish","type":"post","link":"https:\/\/arroyitoonline.com.ar\/?p=12873","title":{"rendered":"En reuni\u00f3n social no autorizada, la Polic\u00eda secuestr\u00f3 una moto"},"content":{"rendered":"\n<p><strong>El rodado presentaba cuadro de motocicleta de 50 cc y motor de moto de 110 cc.<\/strong><\/p>\n\n\n\n<p>El domingo a las 19:00 horas, en el kil\u00f3metro 218 de la ruta 19, se estaba realizando una reuni\u00f3n social no autorizada, con la convocatoria de m\u00e1s de 10 personas que incumpl\u00edan las medidas sanitarias vigentes.<\/p>\n\n\n\n<p>En este marco, la Polic\u00eda identific\u00f3 a un joven de la localidad de Tr\u00e1nsito que circulaba en un rodado con cuadro de motocicleta de 50 cc y motor de moto de 110 cc.<\/p>\n\n\n\n<p>A continuaci\u00f3n, uniformados secuestraron el veh\u00edculo, que qued\u00f3 a disposici\u00f3n de la Fiscal\u00eda de Instrucci\u00f3n de nuestra ciudad.<\/p>\n\n\n\n<p>Fuente: informe del comisario Facundo Bosco \u2013 jefe de la Comisar\u00eda Distrito Arroyito.<\/p>\n","protected":false},"excerpt":{"rendered":"<p>El rodado presentaba cuadro de motocicleta de 50 cc y motor de moto de 110 cc. El domingo a las&hellip;<\/p>\n","protected":false},"author":3,"featured_media":12874,"comment_status":"closed","ping_status":"open","sticky":false,"template":"","format":"standard","meta":{"footnotes":""},"categories":[824],"tags":[66,67,836,1108,1152,1167,1086,547,572,635,637,638],"class_list":["post-12873","post","type-post","status-publish","format-standard","has-post-thumbnail","hentry","category-policiales-online","tag-arroyito","tag-arroyito-cordoba","tag-arroyito-online","tag-coronavirus","tag-covid-19","tag-distanciamiento-social-preventivo-y-obligatorio","tag-moto","tag-motos","tag-noticias-de-arroyito-y-zona","tag-policia","tag-policiales","tag-policiales-arroyito"],"_links":{"self":[{"href":"https:\/\/arroyitoonline.com.ar\/index.php?rest_route=\/wp\/v2\/posts\/12873","targetHints":{"allow":["GET"]}}],"collection":[{"href":"https:\/\/arroyitoonline.com.ar\/index.php?rest_route=\/wp\/v2\/posts"}],"about":[{"href":"https:\/\/arroyitoonline.com.ar\/index.php?rest_route=\/wp\/v2\/types\/post"}],"author":[{"embeddable":true,"href":"https:\/\/arroyitoonline.com.ar\/index.php?rest_route=\/wp\/v2\/users\/3"}],"replies":[{"embeddable":true,"href":"https:\/\/arroyitoonline.com.ar\/index.php?rest_route=%2Fwp%2Fv2%2Fcomments&post=12873"}],"version-history":[{"count":1,"href":"https:\/\/arroyitoonline.com.ar\/index.php?rest_route=\/wp\/v2\/posts\/12873\/revisions"}],"predecessor-version":[{"id":12875,"href":"https:\/\/arroyitoonline.com.ar\/index.php?rest_route=\/wp\/v2\/posts\/12873\/revisions\/12875"}],"wp:featuredmedia":[{"embeddable":true,"href":"https:\/\/arroyitoonline.com.ar\/index.php?rest_route=\/wp\/v2\/media\/12874"}],"wp:attachment":[{"href":"https:\/\/arroyitoonline.com.ar\/index.php?rest_route=%2Fwp%2Fv2%2Fmedia&parent=12873"}],"wp:term":[{"taxonomy":"category","embeddable":true,"href":"https:\/\/arroyitoonline.com.ar\/index.php?rest_route=%2Fwp%2Fv2%2Fcategories&post=12873"},{"taxonomy":"post_tag","embeddable":true,"href":"https:\/\/arroyitoonline.com.ar\/index.php?rest_route=%2Fwp%2Fv2%2Ftags&post=12873"}],"curies":[{"name":"wp","href":"https:\/\/api.w.org\/{rel}","templated":true}]}}