{"id":12904,"date":"2021-06-25T03:53:14","date_gmt":"2021-06-25T03:53:14","guid":{"rendered":"https:\/\/arroyitoonline.com.ar\/?p=12904"},"modified":"2021-06-25T03:53:16","modified_gmt":"2021-06-25T03:53:16","slug":"covid-19-en-arroyito-fallecieron-dos-hombres-de-57-y-70-anos","status":"publish","type":"post","link":"https:\/\/arroyitoonline.com.ar\/?p=12904","title":{"rendered":"Covid-19 en Arroyito: fallecieron dos hombres de 57 y 70 a\u00f1os"},"content":{"rendered":"\n<p><strong>Hasta el momento, son 68 los decesos en el \u00e1mbito local, vinculados a la pandemia coronavirus.<\/strong><\/p>\n\n\n\n<p>Ayer se produjo el fallecimiento de dos pacientes de Arroyito con covid-19. Se trata de dos hombres de 57 y 70 a\u00f1os. Hasta el momento, son 68 los decesos en el \u00e1mbito local, vinculados a la pandemia coronavirus..<\/p>\n\n\n\n<p>Adem\u00e1s, seg\u00fan lo inform\u00f3 el CEA, este jueves se registraron 12 nuevos casos de covid-19 en Arroyito, haciendo un total de 102 positivos activos.<\/p>\n\n\n\n<p>Por su parte, se recuperaron 14 personas recibiendo alta de aislamiento. El n\u00famero de pacientes recuperados hasta el momento es de 3249.<\/p>\n\n\n\n<p>Desde que comenz\u00f3 la emergencia sanitaria se contabiliza un total de 3419 casos (sumando los actuales activos, recuperados y 68 decesos).<\/p>\n","protected":false},"excerpt":{"rendered":"<p>Hasta el momento, son 68 los decesos en el \u00e1mbito local, vinculados a la pandemia coronavirus. Ayer se produjo el&hellip;<\/p>\n","protected":false},"author":3,"featured_media":12550,"comment_status":"closed","ping_status":"open","sticky":false,"template":"","format":"standard","meta":{"footnotes":""},"categories":[9],"tags":[1120,66,67,836,1143,1149,1108,1152,1160,572,706],"class_list":["post-12904","post","type-post","status-publish","format-standard","has-post-thumbnail","hentry","category-infosalud","tag-aislamiento","tag-arroyito","tag-arroyito-cordoba","tag-arroyito-online","tag-barbijo","tag-centro-de-emergencias-de-arroyito","tag-coronavirus","tag-covid-19","tag-hisopados","tag-noticias-de-arroyito-y-zona","tag-salud"],"_links":{"self":[{"href":"https:\/\/arroyitoonline.com.ar\/index.php?rest_route=\/wp\/v2\/posts\/12904","targetHints":{"allow":["GET"]}}],"collection":[{"href":"https:\/\/arroyitoonline.com.ar\/index.php?rest_route=\/wp\/v2\/posts"}],"about":[{"href":"https:\/\/arroyitoonline.com.ar\/index.php?rest_route=\/wp\/v2\/types\/post"}],"author":[{"embeddable":true,"href":"https:\/\/arroyitoonline.com.ar\/index.php?rest_route=\/wp\/v2\/users\/3"}],"replies":[{"embeddable":true,"href":"https:\/\/arroyitoonline.com.ar\/index.php?rest_route=%2Fwp%2Fv2%2Fcomments&post=12904"}],"version-history":[{"count":1,"href":"https:\/\/arroyitoonline.com.ar\/index.php?rest_route=\/wp\/v2\/posts\/12904\/revisions"}],"predecessor-version":[{"id":12905,"href":"https:\/\/arroyitoonline.com.ar\/index.php?rest_route=\/wp\/v2\/posts\/12904\/revisions\/12905"}],"wp:featuredmedia":[{"embeddable":true,"href":"https:\/\/arroyitoonline.com.ar\/index.php?rest_route=\/wp\/v2\/media\/12550"}],"wp:attachment":[{"href":"https:\/\/arroyitoonline.com.ar\/index.php?rest_route=%2Fwp%2Fv2%2Fmedia&parent=12904"}],"wp:term":[{"taxonomy":"category","embeddable":true,"href":"https:\/\/arroyitoonline.com.ar\/index.php?rest_route=%2Fwp%2Fv2%2Fcategories&post=12904"},{"taxonomy":"post_tag","embeddable":true,"href":"https:\/\/arroyitoonline.com.ar\/index.php?rest_route=%2Fwp%2Fv2%2Ftags&post=12904"}],"curies":[{"name":"wp","href":"https:\/\/api.w.org\/{rel}","templated":true}]}}