{"id":12906,"date":"2021-06-26T18:49:20","date_gmt":"2021-06-26T18:49:20","guid":{"rendered":"https:\/\/arroyitoonline.com.ar\/?p=12906"},"modified":"2021-06-26T18:49:59","modified_gmt":"2021-06-26T18:49:59","slug":"transito-fallecio-motociclista-que-choco-con-un-camion","status":"publish","type":"post","link":"https:\/\/arroyitoonline.com.ar\/?p=12906","title":{"rendered":"Tr\u00e1nsito: falleci\u00f3 motociclista que choc\u00f3 con un cami\u00f3n"},"content":{"rendered":"\n<p><strong>Se trata de un hombre de 33 a\u00f1os con domicilio en zona rural de Rio Segundo.<\/strong><\/p>\n\n\n\n<p>En horas de la tarde de ayer, se produjo un siniestro vial en el kil\u00f3metro 239 de la Ruta Nacional N\u00b0 19, acceso oeste a la localidad de Tr\u00e1nsito.<\/p>\n\n\n\n<p>El accidente fue protagonizado por un cami\u00f3n Iveco modelo 170 E22, que era conducido por un hombre de 55 a\u00f1os oriundo de la ciudad de San Francisco.<\/p>\n\n\n\n<p>Por causas que tratan de establecese, el transporte de carga colision\u00f3 con una moto Guerrero Tundra 200 cc, la cual era guiada por un hombre de 33 a\u00f1os con domicilio en zona rural de Rio Segundo.<\/p>\n\n\n\n<p>Producto del impacto, el conductor del rodado menor perdi\u00f3 la vida de forma instant\u00e1nea. Intervino Fiscal\u00eda de Instrucci\u00f3n de Arroyito.<\/p>\n\n\n\n<p>Fuente: secci\u00f3n Prensa UR Departamental San Justo.<\/p>\n\n\n\n<p>La imagen es gentileza de OK FM 95.5.<\/p>\n","protected":false},"excerpt":{"rendered":"<p>Se trata de un hombre de 33 a\u00f1os con domicilio en zona rural de Rio Segundo. En horas de la&hellip;<\/p>\n","protected":false},"author":3,"featured_media":12907,"comment_status":"closed","ping_status":"open","sticky":false,"template":"","format":"standard","meta":{"footnotes":""},"categories":[824],"tags":[22,66,67,836,572,635,637,638,825,701,737,771],"class_list":["post-12906","post","type-post","status-publish","format-standard","has-post-thumbnail","hentry","category-policiales-online","tag-accidente","tag-arroyito","tag-arroyito-cordoba","tag-arroyito-online","tag-noticias-de-arroyito-y-zona","tag-policia","tag-policiales","tag-policiales-arroyito","tag-policiales-online","tag-ruta-nacional-n-19","tag-siniestro-vial","tag-transito"],"_links":{"self":[{"href":"https:\/\/arroyitoonline.com.ar\/index.php?rest_route=\/wp\/v2\/posts\/12906","targetHints":{"allow":["GET"]}}],"collection":[{"href":"https:\/\/arroyitoonline.com.ar\/index.php?rest_route=\/wp\/v2\/posts"}],"about":[{"href":"https:\/\/arroyitoonline.com.ar\/index.php?rest_route=\/wp\/v2\/types\/post"}],"author":[{"embeddable":true,"href":"https:\/\/arroyitoonline.com.ar\/index.php?rest_route=\/wp\/v2\/users\/3"}],"replies":[{"embeddable":true,"href":"https:\/\/arroyitoonline.com.ar\/index.php?rest_route=%2Fwp%2Fv2%2Fcomments&post=12906"}],"version-history":[{"count":2,"href":"https:\/\/arroyitoonline.com.ar\/index.php?rest_route=\/wp\/v2\/posts\/12906\/revisions"}],"predecessor-version":[{"id":12909,"href":"https:\/\/arroyitoonline.com.ar\/index.php?rest_route=\/wp\/v2\/posts\/12906\/revisions\/12909"}],"wp:featuredmedia":[{"embeddable":true,"href":"https:\/\/arroyitoonline.com.ar\/index.php?rest_route=\/wp\/v2\/media\/12907"}],"wp:attachment":[{"href":"https:\/\/arroyitoonline.com.ar\/index.php?rest_route=%2Fwp%2Fv2%2Fmedia&parent=12906"}],"wp:term":[{"taxonomy":"category","embeddable":true,"href":"https:\/\/arroyitoonline.com.ar\/index.php?rest_route=%2Fwp%2Fv2%2Fcategories&post=12906"},{"taxonomy":"post_tag","embeddable":true,"href":"https:\/\/arroyitoonline.com.ar\/index.php?rest_route=%2Fwp%2Fv2%2Ftags&post=12906"}],"curies":[{"name":"wp","href":"https:\/\/api.w.org\/{rel}","templated":true}]}}