{"id":12910,"date":"2021-06-28T13:54:14","date_gmt":"2021-06-28T13:54:14","guid":{"rendered":"https:\/\/arroyitoonline.com.ar\/?p=12910"},"modified":"2021-06-28T13:58:34","modified_gmt":"2021-06-28T13:58:34","slug":"arroyito-alberto-fernandez-inauguro-dos-tramos-de-la-autopista-de-la-ruta-19","status":"publish","type":"post","link":"https:\/\/arroyitoonline.com.ar\/?p=12910","title":{"rendered":"Arroyito: Alberto Fern\u00e1ndez inaugur\u00f3 dos tramos de la autopista de la ruta 19"},"content":{"rendered":"\n<p><strong>Se trata de los segmentos Arroyito-Ca\u00f1ada Jeanmaire y R\u00edo Primero-Santiago Temple.<\/strong><\/p>\n\n\n\n<p>El viernes a la tarde, el presidente Alberto Fern\u00e1ndez estuvo en nuestra ciudad para habilitar segmentos de la Autopista Ruta 19. Fue a la altura del puente sobre la E-52, que une Arroyito con Sacanta.<\/p>\n\n\n\n<p>En la ocasi\u00f3n, Fern\u00e1ndez dej\u00f3 inaugurados los tramos Arroyito-Ca\u00f1ada Jeanmaire y R\u00edo Primero-Santiago Temple.<\/p>\n\n\n\n<figure class=\"wp-block-image size-large\"><img loading=\"lazy\" decoding=\"async\" width=\"1024\" height=\"684\" src=\"https:\/\/arroyitoonline.com.ar\/wp-content\/uploads\/2021\/06\/alberto-fern\u00e1ndez-en-arroyito-1024x684.jpg\" alt=\"\" class=\"wp-image-12913\" srcset=\"https:\/\/arroyitoonline.com.ar\/wp-content\/uploads\/2021\/06\/alberto-fern\u00e1ndez-en-arroyito-1024x684.jpg 1024w, https:\/\/arroyitoonline.com.ar\/wp-content\/uploads\/2021\/06\/alberto-fern\u00e1ndez-en-arroyito-300x200.jpg 300w, https:\/\/arroyitoonline.com.ar\/wp-content\/uploads\/2021\/06\/alberto-fern\u00e1ndez-en-arroyito-768x513.jpg 768w, https:\/\/arroyitoonline.com.ar\/wp-content\/uploads\/2021\/06\/alberto-fern\u00e1ndez-en-arroyito.jpg 1280w\" sizes=\"auto, (max-width: 1024px) 100vw, 1024px\" \/><figcaption><em>El presidente Alberto Fern\u00e1ndez visit\u00f3 nuestra provincia por primera vez, desde su asunci\u00f3n en el cargo.<\/em><\/figcaption><\/figure>\n\n\n\n<blockquote class=\"wp-block-quote is-layout-flow wp-block-quote-is-layout-flow\"><p><em>\u201cEl trabajo en conjunto no tiene colores pol\u00edticos, tiene color celeste y blanco y la obligaci\u00f3n de todo gobernante es gestionar lo mejor para su ciudad y respetar a las autoridades superiores\u201d<\/em><\/p><cite>dijo Benedetti.<\/cite><\/blockquote>\n\n\n\n<p>El primer mandatario nacional concret\u00f3 as\u00ed, su primera visita a C\u00f3rdoba desde que asumi\u00f3 la Presidencia de la Naci\u00f3n. Estuvo acompa\u00f1ado por el ministro de Obras P\u00fablicas Gabriel Katopodis, el gobernador Juan Schiaretti, el intendente Gustavo Benedetti, el vicegobernador Manuel Calvo, entre otros funcionarios e intendentes de la provincia.<\/p>\n\n\n\n<blockquote class=\"wp-block-quote is-layout-flow wp-block-quote-is-layout-flow\"><p><em>\u201cMe\u00a0 siento orgulloso de que se haya elegido Arroyito, nuestra ciudad\u00a0 para inaugurar 92 kil\u00f3metros de Autopista de la ruta N\u00b019, \u00a0un sue\u00f1o anhelado por todos, que beneficia a varios departamentos de la Provincia y \u00a0que parec\u00eda imposible\u201d<\/em><\/p><cite>agreg\u00f3 el intendente.<\/cite><\/blockquote>\n\n\n\n<p>Por \u00faltimo, el intendente solicit\u00f3 al presidente, que se finalicen los tramos Arroyito-Los Cha\u00f1aritos (unos 27\u00a0kil\u00f3metros) y Ca\u00f1ada Jeanmaire-San Francisco (cerca de 22 kil\u00f3metros) para concretar la uni\u00f3n de San Francisco, Arroyito y C\u00f3rdoba.<\/p>\n\n\n\n<p>Las fotos son gentileza de Yony Torres.<\/p>\n","protected":false},"excerpt":{"rendered":"<p>Se trata de los segmentos Arroyito-Ca\u00f1ada Jeanmaire y R\u00edo Primero-Santiago Temple. El viernes a la tarde, el presidente Alberto Fern\u00e1ndez&hellip;<\/p>\n","protected":false},"author":3,"featured_media":12911,"comment_status":"closed","ping_status":"open","sticky":false,"template":"","format":"standard","meta":{"footnotes":""},"categories":[1044],"tags":[1012,66,67,836,979,404,405,1102,857,968,1018,572,578,1063],"class_list":["post-12910","post","type-post","status-publish","format-standard","has-post-thumbnail","hentry","category-obras-publicas","tag-alberto-fernandez","tag-arroyito","tag-arroyito-cordoba","tag-arroyito-online","tag-autopista-ruta-19","tag-gobierno-de-cordoba","tag-gobierno-de-la-provincia","tag-gobierno-municipal","tag-gobierno-nacional","tag-gustavo-benedetti","tag-manuel-calvo","tag-noticias-de-arroyito-y-zona","tag-obras-publicas","tag-presidencia"],"_links":{"self":[{"href":"https:\/\/arroyitoonline.com.ar\/index.php?rest_route=\/wp\/v2\/posts\/12910","targetHints":{"allow":["GET"]}}],"collection":[{"href":"https:\/\/arroyitoonline.com.ar\/index.php?rest_route=\/wp\/v2\/posts"}],"about":[{"href":"https:\/\/arroyitoonline.com.ar\/index.php?rest_route=\/wp\/v2\/types\/post"}],"author":[{"embeddable":true,"href":"https:\/\/arroyitoonline.com.ar\/index.php?rest_route=\/wp\/v2\/users\/3"}],"replies":[{"embeddable":true,"href":"https:\/\/arroyitoonline.com.ar\/index.php?rest_route=%2Fwp%2Fv2%2Fcomments&post=12910"}],"version-history":[{"count":2,"href":"https:\/\/arroyitoonline.com.ar\/index.php?rest_route=\/wp\/v2\/posts\/12910\/revisions"}],"predecessor-version":[{"id":12915,"href":"https:\/\/arroyitoonline.com.ar\/index.php?rest_route=\/wp\/v2\/posts\/12910\/revisions\/12915"}],"wp:featuredmedia":[{"embeddable":true,"href":"https:\/\/arroyitoonline.com.ar\/index.php?rest_route=\/wp\/v2\/media\/12911"}],"wp:attachment":[{"href":"https:\/\/arroyitoonline.com.ar\/index.php?rest_route=%2Fwp%2Fv2%2Fmedia&parent=12910"}],"wp:term":[{"taxonomy":"category","embeddable":true,"href":"https:\/\/arroyitoonline.com.ar\/index.php?rest_route=%2Fwp%2Fv2%2Fcategories&post=12910"},{"taxonomy":"post_tag","embeddable":true,"href":"https:\/\/arroyitoonline.com.ar\/index.php?rest_route=%2Fwp%2Fv2%2Ftags&post=12910"}],"curies":[{"name":"wp","href":"https:\/\/api.w.org\/{rel}","templated":true}]}}