{"id":12944,"date":"2021-06-30T13:56:35","date_gmt":"2021-06-30T13:56:35","guid":{"rendered":"https:\/\/arroyitoonline.com.ar\/?p=12944"},"modified":"2021-06-30T13:56:37","modified_gmt":"2021-06-30T13:56:37","slug":"benedetti-gestiona-a-nivel-nacional-y-se-aguardan-obras-de-envergadura-para-arroyito","status":"publish","type":"post","link":"https:\/\/arroyitoonline.com.ar\/?p=12944","title":{"rendered":"Benedetti gestiona a nivel nacional y se aguardan obras de envergadura para Arroyito"},"content":{"rendered":"\n<p><strong>El intendente se reuni\u00f3 con el secretario de Obras P\u00fablicas de Naci\u00f3n, Mart\u00edn Gil.<\/strong><\/p>\n\n\n\n<p>El viernes 25, en el marco de la inauguraci\u00f3n de dos tramos de la Autopista Ruta Nacional 19,\u00a0<strong>el intendente Gustavo Benedetti se reuni\u00f3 con el secretario de Obras P\u00fablicas de Naci\u00f3n, Mart\u00edn Gil<\/strong>. La finalidad del encuentro fue que se diera curso a dos nuevos proyectos para la ciudad.<\/p>\n\n\n\n<p>Aprovechando la visita de altas autoridades nacionales y provinciales,\u00a0<strong>Benedetti aceler\u00f3 gestiones para el desarrollo de un parque deportivo y recreativo en el sector sur y para la creaci\u00f3n de una arteria desde la autopista, que sirva para el desv\u00edo del tr\u00e1nsito pesado de la ciudad.<\/strong><\/p>\n\n\n\n<blockquote class=\"wp-block-quote is-layout-flow wp-block-quote-is-layout-flow\"><p><em>\u201cEl trabajo en conjunto no tiene colores pol\u00edticos, tiene color celeste y blanco y la obligaci\u00f3n de todo gobernante es gestionar lo mejor para su ciudad\u201d<\/em><\/p><cite>dijo el Intendente Gustavo Benedetti.<\/cite><\/blockquote>\n\n\n\n<p>Estos son los proyectos que el primer mandatario local present\u00f3 en el programa nacional <a href=\"https:\/\/www.argentina.gob.ar\/obras-publicas\/argentina-hace\" target=\"_blank\" rel=\"noreferrer noopener\">Argentina Hace<\/a> y tambi\u00e9n pudo tratar de manera directa con el presidente. Adem\u00e1s, se convers\u00f3 sobre nuevos programas de viviendas sociales.<\/p>\n","protected":false},"excerpt":{"rendered":"<p>El intendente se reuni\u00f3 con el secretario de Obras P\u00fablicas de Naci\u00f3n, Mart\u00edn Gil. El viernes 25, en el marco&hellip;<\/p>\n","protected":false},"author":3,"featured_media":12945,"comment_status":"closed","ping_status":"open","sticky":false,"template":"","format":"standard","meta":{"footnotes":""},"categories":[1044],"tags":[1012,66,67,836,979,115,1102,857,968,572,578,698,701],"class_list":["post-12944","post","type-post","status-publish","format-standard","has-post-thumbnail","hentry","category-obras-publicas","tag-alberto-fernandez","tag-arroyito","tag-arroyito-cordoba","tag-arroyito-online","tag-autopista-ruta-19","tag-benedetti","tag-gobierno-municipal","tag-gobierno-nacional","tag-gustavo-benedetti","tag-noticias-de-arroyito-y-zona","tag-obras-publicas","tag-ruta-19","tag-ruta-nacional-n-19"],"_links":{"self":[{"href":"https:\/\/arroyitoonline.com.ar\/index.php?rest_route=\/wp\/v2\/posts\/12944","targetHints":{"allow":["GET"]}}],"collection":[{"href":"https:\/\/arroyitoonline.com.ar\/index.php?rest_route=\/wp\/v2\/posts"}],"about":[{"href":"https:\/\/arroyitoonline.com.ar\/index.php?rest_route=\/wp\/v2\/types\/post"}],"author":[{"embeddable":true,"href":"https:\/\/arroyitoonline.com.ar\/index.php?rest_route=\/wp\/v2\/users\/3"}],"replies":[{"embeddable":true,"href":"https:\/\/arroyitoonline.com.ar\/index.php?rest_route=%2Fwp%2Fv2%2Fcomments&post=12944"}],"version-history":[{"count":1,"href":"https:\/\/arroyitoonline.com.ar\/index.php?rest_route=\/wp\/v2\/posts\/12944\/revisions"}],"predecessor-version":[{"id":12946,"href":"https:\/\/arroyitoonline.com.ar\/index.php?rest_route=\/wp\/v2\/posts\/12944\/revisions\/12946"}],"wp:featuredmedia":[{"embeddable":true,"href":"https:\/\/arroyitoonline.com.ar\/index.php?rest_route=\/wp\/v2\/media\/12945"}],"wp:attachment":[{"href":"https:\/\/arroyitoonline.com.ar\/index.php?rest_route=%2Fwp%2Fv2%2Fmedia&parent=12944"}],"wp:term":[{"taxonomy":"category","embeddable":true,"href":"https:\/\/arroyitoonline.com.ar\/index.php?rest_route=%2Fwp%2Fv2%2Fcategories&post=12944"},{"taxonomy":"post_tag","embeddable":true,"href":"https:\/\/arroyitoonline.com.ar\/index.php?rest_route=%2Fwp%2Fv2%2Ftags&post=12944"}],"curies":[{"name":"wp","href":"https:\/\/api.w.org\/{rel}","templated":true}]}}