{"id":12950,"date":"2021-07-01T21:52:02","date_gmt":"2021-07-01T21:52:02","guid":{"rendered":"https:\/\/arroyitoonline.com.ar\/?p=12950"},"modified":"2021-07-01T21:52:04","modified_gmt":"2021-07-01T21:52:04","slug":"transito-elisa-carrizo-vacuno-a-vecinos-contra-la-covid-19","status":"publish","type":"post","link":"https:\/\/arroyitoonline.com.ar\/?p=12950","title":{"rendered":"Tr\u00e1nsito: Elisa Carrizo vacun\u00f3 a vecinos contra la Covid-19"},"content":{"rendered":"\n<p><strong>Ante la falta de enfermeras, porque varias se encontraban aisladas, fue la jefa municipal la que inmuniz\u00f3 a los habitantes del pueblo.<\/strong><\/p>\n\n\n\n<p>El lunes pasado, Tr\u00e1nsito vivi\u00f3 una nueva jornada de vacunaci\u00f3n contra la Covid-19. Pero, con varias enfermeras aisladas por coronavirus, faltaba personal a cargo en el vacunatorio local. <\/p>\n\n\n\n<p>En este marco, ocurri\u00f3 algo que llam\u00f3 la atenci\u00f3n de todo el pa\u00eds. Fue la propia intendenta del pueblo de 4500 habitantes, Elisa Carrizo, la que se ofreci\u00f3 de manera formal para la realizaci\u00f3n de esa tarea. <\/p>\n\n\n\n<p>Quienes la conocen de hospitales y cl\u00ednicas, saben que, adem\u00e1s de funcionaria p\u00fablica, Carrizo es m\u00e9dica Anestesi\u00f3loga. Por ello, ejercer el rol de inmunizar con sus propias manos a vecinos de su pueblo, es algo que le result\u00f3 natural. <\/p>\n\n\n\n<p>As\u00ed lo cont\u00f3 ella misma a medios de comunicaci\u00f3n nacionales y provinciales afirmando que<em> &#8220;A veces estando en gesti\u00f3n atiendo a mis compa\u00f1eros. Tengo un botiqu\u00edn porque uno es m\u00e9dico y es intendente. Es un combo que me satisface y si Dios me da salud lo voy a hacer&#8221;<\/em>.<\/p>\n","protected":false},"excerpt":{"rendered":"<p>Ante la falta de enfermeras, porque varias se encontraban aisladas, fue la jefa municipal la que inmuniz\u00f3 a los habitantes&hellip;<\/p>\n","protected":false},"author":3,"featured_media":12966,"comment_status":"closed","ping_status":"open","sticky":false,"template":"","format":"standard","meta":{"footnotes":""},"categories":[845],"tags":[66,67,836,1108,1152,572,771,790,1219],"class_list":["post-12950","post","type-post","status-publish","format-standard","has-post-thumbnail","hentry","category-regionales-online","tag-arroyito","tag-arroyito-cordoba","tag-arroyito-online","tag-coronavirus","tag-covid-19","tag-noticias-de-arroyito-y-zona","tag-transito","tag-vacunacion","tag-vacunacion-covid-19"],"_links":{"self":[{"href":"https:\/\/arroyitoonline.com.ar\/index.php?rest_route=\/wp\/v2\/posts\/12950","targetHints":{"allow":["GET"]}}],"collection":[{"href":"https:\/\/arroyitoonline.com.ar\/index.php?rest_route=\/wp\/v2\/posts"}],"about":[{"href":"https:\/\/arroyitoonline.com.ar\/index.php?rest_route=\/wp\/v2\/types\/post"}],"author":[{"embeddable":true,"href":"https:\/\/arroyitoonline.com.ar\/index.php?rest_route=\/wp\/v2\/users\/3"}],"replies":[{"embeddable":true,"href":"https:\/\/arroyitoonline.com.ar\/index.php?rest_route=%2Fwp%2Fv2%2Fcomments&post=12950"}],"version-history":[{"count":2,"href":"https:\/\/arroyitoonline.com.ar\/index.php?rest_route=\/wp\/v2\/posts\/12950\/revisions"}],"predecessor-version":[{"id":12967,"href":"https:\/\/arroyitoonline.com.ar\/index.php?rest_route=\/wp\/v2\/posts\/12950\/revisions\/12967"}],"wp:featuredmedia":[{"embeddable":true,"href":"https:\/\/arroyitoonline.com.ar\/index.php?rest_route=\/wp\/v2\/media\/12966"}],"wp:attachment":[{"href":"https:\/\/arroyitoonline.com.ar\/index.php?rest_route=%2Fwp%2Fv2%2Fmedia&parent=12950"}],"wp:term":[{"taxonomy":"category","embeddable":true,"href":"https:\/\/arroyitoonline.com.ar\/index.php?rest_route=%2Fwp%2Fv2%2Fcategories&post=12950"},{"taxonomy":"post_tag","embeddable":true,"href":"https:\/\/arroyitoonline.com.ar\/index.php?rest_route=%2Fwp%2Fv2%2Ftags&post=12950"}],"curies":[{"name":"wp","href":"https:\/\/api.w.org\/{rel}","templated":true}]}}