{"id":12979,"date":"2021-07-03T02:04:09","date_gmt":"2021-07-03T02:04:09","guid":{"rendered":"https:\/\/arroyitoonline.com.ar\/?p=12979"},"modified":"2021-07-03T02:04:11","modified_gmt":"2021-07-03T02:04:11","slug":"covid-19-en-arroyito-murio-un-hombre-de-54-anos","status":"publish","type":"post","link":"https:\/\/arroyitoonline.com.ar\/?p=12979","title":{"rendered":"Covid-19 en Arroyito: muri\u00f3 un hombre de 54 a\u00f1os"},"content":{"rendered":"\n<p><strong>Hasta el momento, son 71 los decesos en el \u00e1mbito local, vinculados a la pandemia coronavirus.<\/strong><\/p>\n\n\n\n<p>Hoy se produjo el fallecimiento de otro paciente de Arroyito con covid-19. Se trata de un hombre de 54 a\u00f1os que se encontraba internado. Hasta el momento, son 71 los decesos en el \u00e1mbito local, vinculados a la pandemia coronavirus.<\/p>\n\n\n\n<p>Adem\u00e1s, seg\u00fan lo inform\u00f3 el CEA, se registraron 21 nuevos casos de covid-19 en Arroyito, haciendo un total de 90 positivos activos.<\/p>\n\n\n\n<p>Este viernes se recuperaron 22 personas recibiendo alta de aislamiento. El n\u00famero de pacientes recuperados hasta el momento es de 3342.<\/p>\n\n\n\n<p>Desde que comenz\u00f3 la emergencia sanitaria se contabiliza un total de 3503 casos (sumando los actuales activos, recuperados y 71 decesos).<\/p>\n","protected":false},"excerpt":{"rendered":"<p>Hasta el momento, son 71 los decesos en el \u00e1mbito local, vinculados a la pandemia coronavirus. Hoy se produjo el&hellip;<\/p>\n","protected":false},"author":3,"featured_media":11634,"comment_status":"closed","ping_status":"open","sticky":false,"template":"","format":"standard","meta":{"footnotes":""},"categories":[9],"tags":[66,67,836,1149,1108,1152,1102,1160,1177,548,572],"class_list":["post-12979","post","type-post","status-publish","format-standard","has-post-thumbnail","hentry","category-infosalud","tag-arroyito","tag-arroyito-cordoba","tag-arroyito-online","tag-centro-de-emergencias-de-arroyito","tag-coronavirus","tag-covid-19","tag-gobierno-municipal","tag-hisopados","tag-hospital-municipal-carlos-j-rodriguez","tag-muerte","tag-noticias-de-arroyito-y-zona"],"_links":{"self":[{"href":"https:\/\/arroyitoonline.com.ar\/index.php?rest_route=\/wp\/v2\/posts\/12979","targetHints":{"allow":["GET"]}}],"collection":[{"href":"https:\/\/arroyitoonline.com.ar\/index.php?rest_route=\/wp\/v2\/posts"}],"about":[{"href":"https:\/\/arroyitoonline.com.ar\/index.php?rest_route=\/wp\/v2\/types\/post"}],"author":[{"embeddable":true,"href":"https:\/\/arroyitoonline.com.ar\/index.php?rest_route=\/wp\/v2\/users\/3"}],"replies":[{"embeddable":true,"href":"https:\/\/arroyitoonline.com.ar\/index.php?rest_route=%2Fwp%2Fv2%2Fcomments&post=12979"}],"version-history":[{"count":1,"href":"https:\/\/arroyitoonline.com.ar\/index.php?rest_route=\/wp\/v2\/posts\/12979\/revisions"}],"predecessor-version":[{"id":12980,"href":"https:\/\/arroyitoonline.com.ar\/index.php?rest_route=\/wp\/v2\/posts\/12979\/revisions\/12980"}],"wp:featuredmedia":[{"embeddable":true,"href":"https:\/\/arroyitoonline.com.ar\/index.php?rest_route=\/wp\/v2\/media\/11634"}],"wp:attachment":[{"href":"https:\/\/arroyitoonline.com.ar\/index.php?rest_route=%2Fwp%2Fv2%2Fmedia&parent=12979"}],"wp:term":[{"taxonomy":"category","embeddable":true,"href":"https:\/\/arroyitoonline.com.ar\/index.php?rest_route=%2Fwp%2Fv2%2Fcategories&post=12979"},{"taxonomy":"post_tag","embeddable":true,"href":"https:\/\/arroyitoonline.com.ar\/index.php?rest_route=%2Fwp%2Fv2%2Ftags&post=12979"}],"curies":[{"name":"wp","href":"https:\/\/api.w.org\/{rel}","templated":true}]}}