{"id":12986,"date":"2021-07-05T02:35:13","date_gmt":"2021-07-05T02:35:13","guid":{"rendered":"https:\/\/arroyitoonline.com.ar\/?p=12986"},"modified":"2021-07-05T14:16:36","modified_gmt":"2021-07-05T14:16:36","slug":"el-fuertecito-agredio-a-su-pareja-y-fue-detenido-2","status":"publish","type":"post","link":"https:\/\/arroyitoonline.com.ar\/?p=12986","title":{"rendered":"El Fuertecito: agredi\u00f3 a su pareja y fue detenido"},"content":{"rendered":"\n<p><strong>El hombre de 28 a\u00f1os qued\u00f3 alojado en la Comisar\u00eds local, a disposici\u00f3n de la Fiscal\u00eda de Instrucci\u00f3n de Arroyito.<\/strong><\/p>\n\n\n\n<p>A las 4:30 horas de la madrugada de hoy, personal policial fue solicitado en una vivienda de calle Orlando Marancini del paraje El Fuertecito, por una discusi\u00f3n familiar.<\/p>\n\n\n\n<p>En el lugar, uniformados procedieron a la detenci\u00f3n de un hombre de 28 a\u00f1os quien, momentos antes tras una discusi\u00f3n, hab\u00eda agredido a su pareja, una joven de 26 a\u00f1os.<\/p>\n\n\n\n<p>A continuaci\u00f3n, el sujeto fue trasladado a la Comisar\u00eda local quedando alojado a disposici\u00f3n de Fiscal\u00eda de Instrucci\u00f3n de Arroyito.<\/p>\n\n\n\n<p>FUENTE: Secci\u00f3n Prensa UR Departamental San Justo.<\/p>\n","protected":false},"excerpt":{"rendered":"<p>El hombre de 28 a\u00f1os qued\u00f3 alojado en la Comisar\u00eds local, a disposici\u00f3n de la Fiscal\u00eda de Instrucci\u00f3n de Arroyito.&hellip;<\/p>\n","protected":false},"author":3,"featured_media":8867,"comment_status":"closed","ping_status":"open","sticky":false,"template":"","format":"standard","meta":{"footnotes":""},"categories":[824],"tags":[66,67,836,572,637,638,825,808,809,810],"class_list":["post-12986","post","type-post","status-publish","format-standard","has-post-thumbnail","hentry","category-policiales-online","tag-arroyito","tag-arroyito-cordoba","tag-arroyito-online","tag-noticias-de-arroyito-y-zona","tag-policiales","tag-policiales-arroyito","tag-policiales-online","tag-violencia","tag-violencia-de-genero","tag-violencia-familiar"],"_links":{"self":[{"href":"https:\/\/arroyitoonline.com.ar\/index.php?rest_route=\/wp\/v2\/posts\/12986","targetHints":{"allow":["GET"]}}],"collection":[{"href":"https:\/\/arroyitoonline.com.ar\/index.php?rest_route=\/wp\/v2\/posts"}],"about":[{"href":"https:\/\/arroyitoonline.com.ar\/index.php?rest_route=\/wp\/v2\/types\/post"}],"author":[{"embeddable":true,"href":"https:\/\/arroyitoonline.com.ar\/index.php?rest_route=\/wp\/v2\/users\/3"}],"replies":[{"embeddable":true,"href":"https:\/\/arroyitoonline.com.ar\/index.php?rest_route=%2Fwp%2Fv2%2Fcomments&post=12986"}],"version-history":[{"count":1,"href":"https:\/\/arroyitoonline.com.ar\/index.php?rest_route=\/wp\/v2\/posts\/12986\/revisions"}],"predecessor-version":[{"id":12987,"href":"https:\/\/arroyitoonline.com.ar\/index.php?rest_route=\/wp\/v2\/posts\/12986\/revisions\/12987"}],"wp:featuredmedia":[{"embeddable":true,"href":"https:\/\/arroyitoonline.com.ar\/index.php?rest_route=\/wp\/v2\/media\/8867"}],"wp:attachment":[{"href":"https:\/\/arroyitoonline.com.ar\/index.php?rest_route=%2Fwp%2Fv2%2Fmedia&parent=12986"}],"wp:term":[{"taxonomy":"category","embeddable":true,"href":"https:\/\/arroyitoonline.com.ar\/index.php?rest_route=%2Fwp%2Fv2%2Fcategories&post=12986"},{"taxonomy":"post_tag","embeddable":true,"href":"https:\/\/arroyitoonline.com.ar\/index.php?rest_route=%2Fwp%2Fv2%2Ftags&post=12986"}],"curies":[{"name":"wp","href":"https:\/\/api.w.org\/{rel}","templated":true}]}}