{"id":13000,"date":"2021-07-06T13:20:46","date_gmt":"2021-07-06T13:20:46","guid":{"rendered":"https:\/\/arroyitoonline.com.ar\/?p=13000"},"modified":"2021-07-07T13:03:28","modified_gmt":"2021-07-07T13:03:28","slug":"murieron-una-joven-mama-y-su-beba-en-el-incendio-de-su-vivienda","status":"publish","type":"post","link":"https:\/\/arroyitoonline.com.ar\/?p=13000","title":{"rendered":"Murieron una joven mam\u00e1 y su beba en el incendio de su vivienda"},"content":{"rendered":"\n<p><strong>La chica de 16 a\u00f1os y su hija de dos meses quedaron atrapadas en la casa que sufri\u00f3 un siniestro generalizado.<\/strong><\/p>\n\n\n\n<p>A las 4:47 de la ma\u00f1ana de hoy, se produjo el incendio de una vivienda ubicada en la intersecci\u00f3n de las calles Castro Barros y Belgrano, reportando victimas atrapadas.<\/p>\n\n\n\n<p>Al lugar, se dirigi\u00f3 una dotaci\u00f3n de Bomberos en el M\u00f3vil 11, a cargo del Sgto. Ayte. Iv\u00e1n Pizzi. Cuando arribaron a la casa, los voluntarios se encontraron con un siniestro generalizado y fueron informados de que hab\u00eda dos personas en el interior del inmueble.<\/p>\n\n\n\n<div class=\"wp-block-image\"><figure class=\"aligncenter size-large\"><img loading=\"lazy\" decoding=\"async\" width=\"1024\" height=\"768\" src=\"https:\/\/arroyitoonline.com.ar\/wp-content\/uploads\/2021\/07\/incendio-casa-1-1024x768.jpg\" alt=\"\" class=\"wp-image-13003\" srcset=\"https:\/\/arroyitoonline.com.ar\/wp-content\/uploads\/2021\/07\/incendio-casa-1-1024x768.jpg 1024w, https:\/\/arroyitoonline.com.ar\/wp-content\/uploads\/2021\/07\/incendio-casa-1-300x225.jpg 300w, https:\/\/arroyitoonline.com.ar\/wp-content\/uploads\/2021\/07\/incendio-casa-1-768x576.jpg 768w, https:\/\/arroyitoonline.com.ar\/wp-content\/uploads\/2021\/07\/incendio-casa-1.jpg 1280w\" sizes=\"auto, (max-width: 1024px) 100vw, 1024px\" \/><figcaption><em>As\u00ed qued\u00f3 la vivienda luego del incendio generalizado. Cr\u00e9dito: Asociaci\u00f3n Bomberos Voluntarios de Aroyito.<\/em><\/figcaption><\/figure><\/div>\n\n\n\n<p>A continuaci\u00f3n, realizaron el ataque del incendio por ambas entradas al domicilio y comenzaron las operaciones de b\u00fasqueda y rescate. Tambi\u00e9n solicitaron una unidad liviana de refuerzo con personal y equipos de respiraci\u00f3n aut\u00f3noma adicionales.<\/p>\n\n\n\n<div class=\"wp-block-image\"><figure class=\"aligncenter size-large\"><img loading=\"lazy\" decoding=\"async\" width=\"1024\" height=\"497\" src=\"https:\/\/arroyitoonline.com.ar\/wp-content\/uploads\/2021\/07\/incendio-casa-2-1024x497.jpg\" alt=\"\" class=\"wp-image-13004\" srcset=\"https:\/\/arroyitoonline.com.ar\/wp-content\/uploads\/2021\/07\/incendio-casa-2-1024x497.jpg 1024w, https:\/\/arroyitoonline.com.ar\/wp-content\/uploads\/2021\/07\/incendio-casa-2-300x146.jpg 300w, https:\/\/arroyitoonline.com.ar\/wp-content\/uploads\/2021\/07\/incendio-casa-2-768x373.jpg 768w, https:\/\/arroyitoonline.com.ar\/wp-content\/uploads\/2021\/07\/incendio-casa-2.jpg 1280w\" sizes=\"auto, (max-width: 1024px) 100vw, 1024px\" \/><figcaption><em>As\u00ed trabajaron en la extinci\u00f3n del siniestro. Cr\u00e9dito: Asociaci\u00f3n Bomberos Voluntarios de Aroyito.<\/em><\/figcaption><\/figure><\/div>\n\n\n\n<p>Al arribo de la segunda dotaci\u00f3n y controlado el fuego, los esfuerzos se concentraron en las operaciones de b\u00fasqueda, que arrojaron el resultado lamentable de una beba de dos meses y su madre -una joven de 16 a\u00f1os- fallecidas en el lugar.<\/p>\n\n\n\n<p>Por \u00faltimo, de acuerdo a lo informado por el jefe de la Comisar\u00eda de Distrito Arroyito, hab\u00eda otros tres menores en la casa: una joven de 14, su hermano de 12 y su cu\u00f1ado de 14 a\u00f1os. Los tres lograron escapar de las llamas, fueron trasladados al hospital municipal y se encuentran fuera de peligro. <\/p>\n","protected":false},"excerpt":{"rendered":"<p>La chica de 16 a\u00f1os y su hija de dos meses quedaron atrapadas en la casa que sufri\u00f3 un siniestro&hellip;<\/p>\n","protected":false},"author":3,"featured_media":13001,"comment_status":"closed","ping_status":"open","sticky":false,"template":"","format":"standard","meta":{"footnotes":""},"categories":[824],"tags":[66,67,836,127,128,129,435,548,572,637,638,825],"class_list":["post-13000","post","type-post","status-publish","format-standard","has-post-thumbnail","hentry","category-policiales-online","tag-arroyito","tag-arroyito-cordoba","tag-arroyito-online","tag-bomberos-arroyito","tag-bomberos-de-arroyito","tag-bomberos-voluntarios","tag-incendio","tag-muerte","tag-noticias-de-arroyito-y-zona","tag-policiales","tag-policiales-arroyito","tag-policiales-online"],"_links":{"self":[{"href":"https:\/\/arroyitoonline.com.ar\/index.php?rest_route=\/wp\/v2\/posts\/13000","targetHints":{"allow":["GET"]}}],"collection":[{"href":"https:\/\/arroyitoonline.com.ar\/index.php?rest_route=\/wp\/v2\/posts"}],"about":[{"href":"https:\/\/arroyitoonline.com.ar\/index.php?rest_route=\/wp\/v2\/types\/post"}],"author":[{"embeddable":true,"href":"https:\/\/arroyitoonline.com.ar\/index.php?rest_route=\/wp\/v2\/users\/3"}],"replies":[{"embeddable":true,"href":"https:\/\/arroyitoonline.com.ar\/index.php?rest_route=%2Fwp%2Fv2%2Fcomments&post=13000"}],"version-history":[{"count":6,"href":"https:\/\/arroyitoonline.com.ar\/index.php?rest_route=\/wp\/v2\/posts\/13000\/revisions"}],"predecessor-version":[{"id":13025,"href":"https:\/\/arroyitoonline.com.ar\/index.php?rest_route=\/wp\/v2\/posts\/13000\/revisions\/13025"}],"wp:featuredmedia":[{"embeddable":true,"href":"https:\/\/arroyitoonline.com.ar\/index.php?rest_route=\/wp\/v2\/media\/13001"}],"wp:attachment":[{"href":"https:\/\/arroyitoonline.com.ar\/index.php?rest_route=%2Fwp%2Fv2%2Fmedia&parent=13000"}],"wp:term":[{"taxonomy":"category","embeddable":true,"href":"https:\/\/arroyitoonline.com.ar\/index.php?rest_route=%2Fwp%2Fv2%2Fcategories&post=13000"},{"taxonomy":"post_tag","embeddable":true,"href":"https:\/\/arroyitoonline.com.ar\/index.php?rest_route=%2Fwp%2Fv2%2Ftags&post=13000"}],"curies":[{"name":"wp","href":"https:\/\/api.w.org\/{rel}","templated":true}]}}