{"id":13012,"date":"2021-07-06T23:30:16","date_gmt":"2021-07-06T23:30:16","guid":{"rendered":"https:\/\/arroyitoonline.com.ar\/?p=13012"},"modified":"2021-07-06T23:30:19","modified_gmt":"2021-07-06T23:30:19","slug":"tienen-13-y-14-anos-andaban-en-moto-chocaron-dos-autos-y-resultaron-con-lesiones-graves","status":"publish","type":"post","link":"https:\/\/arroyitoonline.com.ar\/?p=13012","title":{"rendered":"Tienen 13 y 14 a\u00f1os, andaban en moto, chocaron dos autos y resultaron con lesiones graves"},"content":{"rendered":"\n<p><strong>Primero colisionaron la puerta de un Renault Clio estacionado y luego impactaron con un Volkswagen Vento que circulaba.<\/strong><\/p>\n\n\n\n<p>A las 22:05 horas de ayer, la Polic\u00eda tom\u00f3 conocimiento de un accidente de tr\u00e1nsito en inmediaciones de avenida Mariano Moreno esquina Jose A. Vocos.<\/p>\n\n\n\n<p>En ese lugar, estaba estacionado un Renault Clio color blanco con una mujer de 34 a\u00f1os en su interior. Cuando la se\u00f1ora quiso descender del veh\u00edculo, una moto Guerrero Trip color negro le choc\u00f3 la puerta.<\/p>\n\n\n\n<p>El rodado menor era conducido por un menor de 13 a\u00f1os acompa\u00f1ado de otro menor de 14. A su vez, estos \u00faltimos colisionaron un Volkswagen Vento gris que circulaba guiado por un hombre de 38 a\u00f1os.<\/p>\n\n\n\n<p>Producto de este impacto, ambos adolescentes sufrieron lesiones de car\u00e1cter grave. Intervino Fiscal\u00eda de Instrucci\u00f3n de Arroyito.<\/p>\n\n\n\n<p>Fuente: secci\u00f3n Prensa UR Departamental San Justo.<\/p>\n","protected":false},"excerpt":{"rendered":"<p>Primero colisionaron la puerta de un Renault Clio estacionado y luego impactaron con un Volkswagen Vento que circulaba. A las&hellip;<\/p>\n","protected":false},"author":3,"featured_media":4281,"comment_status":"closed","ping_status":"open","sticky":false,"template":"","format":"standard","meta":{"footnotes":""},"categories":[824],"tags":[22,66,67,836,191,530,572,635,637,638,825,737],"class_list":["post-13012","post","type-post","status-publish","format-standard","has-post-thumbnail","hentry","category-policiales-online","tag-accidente","tag-arroyito","tag-arroyito-cordoba","tag-arroyito-online","tag-choque","tag-menores","tag-noticias-de-arroyito-y-zona","tag-policia","tag-policiales","tag-policiales-arroyito","tag-policiales-online","tag-siniestro-vial"],"_links":{"self":[{"href":"https:\/\/arroyitoonline.com.ar\/index.php?rest_route=\/wp\/v2\/posts\/13012","targetHints":{"allow":["GET"]}}],"collection":[{"href":"https:\/\/arroyitoonline.com.ar\/index.php?rest_route=\/wp\/v2\/posts"}],"about":[{"href":"https:\/\/arroyitoonline.com.ar\/index.php?rest_route=\/wp\/v2\/types\/post"}],"author":[{"embeddable":true,"href":"https:\/\/arroyitoonline.com.ar\/index.php?rest_route=\/wp\/v2\/users\/3"}],"replies":[{"embeddable":true,"href":"https:\/\/arroyitoonline.com.ar\/index.php?rest_route=%2Fwp%2Fv2%2Fcomments&post=13012"}],"version-history":[{"count":1,"href":"https:\/\/arroyitoonline.com.ar\/index.php?rest_route=\/wp\/v2\/posts\/13012\/revisions"}],"predecessor-version":[{"id":13013,"href":"https:\/\/arroyitoonline.com.ar\/index.php?rest_route=\/wp\/v2\/posts\/13012\/revisions\/13013"}],"wp:featuredmedia":[{"embeddable":true,"href":"https:\/\/arroyitoonline.com.ar\/index.php?rest_route=\/wp\/v2\/media\/4281"}],"wp:attachment":[{"href":"https:\/\/arroyitoonline.com.ar\/index.php?rest_route=%2Fwp%2Fv2%2Fmedia&parent=13012"}],"wp:term":[{"taxonomy":"category","embeddable":true,"href":"https:\/\/arroyitoonline.com.ar\/index.php?rest_route=%2Fwp%2Fv2%2Fcategories&post=13012"},{"taxonomy":"post_tag","embeddable":true,"href":"https:\/\/arroyitoonline.com.ar\/index.php?rest_route=%2Fwp%2Fv2%2Ftags&post=13012"}],"curies":[{"name":"wp","href":"https:\/\/api.w.org\/{rel}","templated":true}]}}