{"id":13016,"date":"2021-07-06T23:54:46","date_gmt":"2021-07-06T23:54:46","guid":{"rendered":"https:\/\/arroyitoonline.com.ar\/?p=13016"},"modified":"2021-07-07T12:39:29","modified_gmt":"2021-07-07T12:39:29","slug":"el-gobierno-municipal-presento-un-proyecto-para-que-se-declare-ciudadano-ilustre-a-luis-pagani","status":"publish","type":"post","link":"https:\/\/arroyitoonline.com.ar\/?p=13016","title":{"rendered":"El Gobierno Municipal present\u00f3 un proyecto para que se declare Ciudadano Ilustre a Luis Pagani"},"content":{"rendered":"\n<p><strong>El tema ser\u00e1 tratado en la Sesi\u00f3n Ordinaria del Concejo Deliberante que se desarrollar\u00e1 este jueves. <\/strong><\/p>\n\n\n\n<p>El intendente Gustavo Benedetti, en representaci\u00f3n del Ejecutivo Municipal,&nbsp;junto al Bloque de concejales Todos Juntos por Arroyito presentaron un proyecto de ordenanza para<strong>&nbsp;la declaraci\u00f3n de Ciudadano Ilustre al empresario Luis Pagani.<\/strong><\/p>\n\n\n\n<p>El proyecto&nbsp;<strong>se enmarca en el aniversario n\u00famero 70 de la empresa que \u00e9l preside<\/strong> y que fuera fundada por su padre, junto a otros pioneros que hicieron de Arcor una multinacional.<\/p>\n\n\n\n<p>Este tema ser\u00e1 tratado en la sesi\u00f3n ordinaria del cuerpo deliberativo que se desarrollar\u00e1 este jueves, a partir de la cual, Arroyito podr\u00e1 contar con un nuevo Ciudadano Ilustre.<\/p>\n\n\n\n<p><strong>La presentaci\u00f3n remarca la importancia de la figura de Luis Pagani en la expansi\u00f3n, el crecimiento y el desarrollo del Grupo Arcor, as\u00ed como de esta localidad.<\/strong><\/p>\n\n\n\n<p><em>&#8220;En Luis Pagani encontramos a uno de los empresario m\u00e1s importantes del pa\u00eds y de Latinoam\u00e9rica, quien proyect\u00f3 Arcor como empresa mundial, sin dejar de atender las necesidades de Arroyito&#8221;<\/em>, se\u00f1alaron desde el Gobierno Municipal. <\/p>\n","protected":false},"excerpt":{"rendered":"<p>El tema ser\u00e1 tratado en la Sesi\u00f3n Ordinaria del Concejo Deliberante que se desarrollar\u00e1 este jueves. El intendente Gustavo Benedetti,&hellip;<\/p>\n","protected":false},"author":3,"featured_media":13017,"comment_status":"closed","ping_status":"open","sticky":false,"template":"","format":"standard","meta":{"footnotes":""},"categories":[920],"tags":[59,66,67,836,226,227,325,327,1102,439,572],"class_list":["post-13016","post","type-post","status-publish","format-standard","has-post-thumbnail","hentry","category-concejo-deliberante-online","tag-arcor","tag-arroyito","tag-arroyito-cordoba","tag-arroyito-online","tag-concejo","tag-concejo-deliberante","tag-emprendedores","tag-empresas","tag-gobierno-municipal","tag-industria","tag-noticias-de-arroyito-y-zona"],"_links":{"self":[{"href":"https:\/\/arroyitoonline.com.ar\/index.php?rest_route=\/wp\/v2\/posts\/13016","targetHints":{"allow":["GET"]}}],"collection":[{"href":"https:\/\/arroyitoonline.com.ar\/index.php?rest_route=\/wp\/v2\/posts"}],"about":[{"href":"https:\/\/arroyitoonline.com.ar\/index.php?rest_route=\/wp\/v2\/types\/post"}],"author":[{"embeddable":true,"href":"https:\/\/arroyitoonline.com.ar\/index.php?rest_route=\/wp\/v2\/users\/3"}],"replies":[{"embeddable":true,"href":"https:\/\/arroyitoonline.com.ar\/index.php?rest_route=%2Fwp%2Fv2%2Fcomments&post=13016"}],"version-history":[{"count":3,"href":"https:\/\/arroyitoonline.com.ar\/index.php?rest_route=\/wp\/v2\/posts\/13016\/revisions"}],"predecessor-version":[{"id":13024,"href":"https:\/\/arroyitoonline.com.ar\/index.php?rest_route=\/wp\/v2\/posts\/13016\/revisions\/13024"}],"wp:featuredmedia":[{"embeddable":true,"href":"https:\/\/arroyitoonline.com.ar\/index.php?rest_route=\/wp\/v2\/media\/13017"}],"wp:attachment":[{"href":"https:\/\/arroyitoonline.com.ar\/index.php?rest_route=%2Fwp%2Fv2%2Fmedia&parent=13016"}],"wp:term":[{"taxonomy":"category","embeddable":true,"href":"https:\/\/arroyitoonline.com.ar\/index.php?rest_route=%2Fwp%2Fv2%2Fcategories&post=13016"},{"taxonomy":"post_tag","embeddable":true,"href":"https:\/\/arroyitoonline.com.ar\/index.php?rest_route=%2Fwp%2Fv2%2Ftags&post=13016"}],"curies":[{"name":"wp","href":"https:\/\/api.w.org\/{rel}","templated":true}]}}