{"id":13037,"date":"2021-07-11T03:34:34","date_gmt":"2021-07-11T03:34:34","guid":{"rendered":"https:\/\/arroyitoonline.com.ar\/?p=13037"},"modified":"2021-07-11T13:54:50","modified_gmt":"2021-07-11T13:54:50","slug":"fallecio-la-docente-jubilada-susana-gerbino","status":"publish","type":"post","link":"https:\/\/arroyitoonline.com.ar\/?p=13037","title":{"rendered":"Falleci\u00f3 la docente jubilada Susana Gerbino"},"content":{"rendered":"\n<p><strong>Ten\u00eda 60 a\u00f1os. Ingres\u00f3 a la V\u00e9lez en 1987 y, por 32 a\u00f1os, fue maestra de Sala. Se hab\u00eda jubilado en 2019.<\/strong><\/p>\n\n\n\n<p>Pasadas las 22:00 horas, desde la Escuela Dr. Dalmacio V\u00e9lez Sarsfield, lamentaron informar el fallecimiento de la &#8220;Se\u00f1o&#8221; Susana Gerbino. Ten\u00eda 60 a\u00f1os.  <\/p>\n\n\n\n<p>La docente ingres\u00f3 a la V\u00e9lez en 1987 y, por 32 a\u00f1os, fue maestra de Sala. Se hab\u00eda jubilado en 2019. <em>&#8220;Junto a un grupo de colegas, ella fue uno de los pilares fundantes desde los que se molde\u00f3 nuestro Nivel Primario&#8221;<\/em>, agregaron.<\/p>\n\n\n\n<p>En su sentida despedida, la comunidad educativa velezana, record\u00f3 a Susana como <em>&#8220;apasionada, alegre, c\u00e1lida, positiva, comprometida, con prop\u00f3sitos claros, flexible, un poco &#8216;Se\u00f1o&#8217; y otro poco mam\u00e1, atenta y con un profundo sentido de pertenencia&#8221;<\/em>.<\/p>\n\n\n\n<p>En el comunicado tambi\u00e9n indicaron que <em>&#8220;acompa\u00f1amos en este momento de dolor a sus hijos, esposo, nietos, hermanas y todos sus afectos&#8221;<\/em> expresando que <em>&#8220;te despedimos agradecidos Susana, sabiendo que tus sue\u00f1os y parte de tu coraz\u00f3n vivir\u00e1n por siempre en tus alumnos y en \u00e9sta, que es para siempre, tu casa&#8221;<\/em>.<\/p>\n\n\n\n<div class=\"wp-block-image\"><figure class=\"aligncenter size-large\"><img loading=\"lazy\" decoding=\"async\" width=\"1024\" height=\"1024\" src=\"https:\/\/arroyitoonline.com.ar\/wp-content\/uploads\/2021\/07\/InShot_20210711_001213857-1024x1024.jpg\" alt=\"\" class=\"wp-image-13038\" srcset=\"https:\/\/arroyitoonline.com.ar\/wp-content\/uploads\/2021\/07\/InShot_20210711_001213857-1024x1024.jpg 1024w, https:\/\/arroyitoonline.com.ar\/wp-content\/uploads\/2021\/07\/InShot_20210711_001213857-300x300.jpg 300w, https:\/\/arroyitoonline.com.ar\/wp-content\/uploads\/2021\/07\/InShot_20210711_001213857-150x150.jpg 150w, https:\/\/arroyitoonline.com.ar\/wp-content\/uploads\/2021\/07\/InShot_20210711_001213857-768x768.jpg 768w, https:\/\/arroyitoonline.com.ar\/wp-content\/uploads\/2021\/07\/InShot_20210711_001213857-1536x1536.jpg 1536w, https:\/\/arroyitoonline.com.ar\/wp-content\/uploads\/2021\/07\/InShot_20210711_001213857.jpg 1920w\" sizes=\"auto, (max-width: 1024px) 100vw, 1024px\" \/><figcaption><em>Este domingo a las 11:45 horas ser\u00e1 el oficio religioso de cuerpo presente en la Parroquia Nuestra Se\u00f1ora de la Merced.<\/em><\/figcaption><\/figure><\/div>\n\n\n\n<p>Los restos mortales de Susana del Valle Gerbino de Cecc\u00f3n ser\u00e1n velados durante dos horas -de acuerdo a las disposiciones vigentes-. Ser\u00e1 este domingo 11, de 9:45 a 11:45, en las salas velatorias ubicadas en Av. Mariano Moreno esquina Bianchi. A continuaci\u00f3n, a las 11:45, se har\u00e1 el sepelio en el Cementerio local, previo oficio religioso de cuerpo presente en la Parroquia Nuestra Se\u00f1ora de la Merced.<\/p>\n","protected":false},"excerpt":{"rendered":"<p>Ten\u00eda 60 a\u00f1os. Ingres\u00f3 a la V\u00e9lez en 1987 y, por 32 a\u00f1os, fue maestra de Sala. Se hab\u00eda jubilado&hellip;<\/p>\n","protected":false},"author":3,"featured_media":13039,"comment_status":"closed","ping_status":"open","sticky":false,"template":"","format":"standard","meta":{"footnotes":""},"categories":[900],"tags":[66,67,836,1149,298,299,888,548,572],"class_list":["post-13037","post","type-post","status-publish","format-standard","has-post-thumbnail","hentry","category-noticias","tag-arroyito","tag-arroyito-cordoba","tag-arroyito-online","tag-centro-de-emergencias-de-arroyito","tag-docencia","tag-docentes","tag-escuela-dr-dalmacio-velez-sarsfield","tag-muerte","tag-noticias-de-arroyito-y-zona"],"_links":{"self":[{"href":"https:\/\/arroyitoonline.com.ar\/index.php?rest_route=\/wp\/v2\/posts\/13037","targetHints":{"allow":["GET"]}}],"collection":[{"href":"https:\/\/arroyitoonline.com.ar\/index.php?rest_route=\/wp\/v2\/posts"}],"about":[{"href":"https:\/\/arroyitoonline.com.ar\/index.php?rest_route=\/wp\/v2\/types\/post"}],"author":[{"embeddable":true,"href":"https:\/\/arroyitoonline.com.ar\/index.php?rest_route=\/wp\/v2\/users\/3"}],"replies":[{"embeddable":true,"href":"https:\/\/arroyitoonline.com.ar\/index.php?rest_route=%2Fwp%2Fv2%2Fcomments&post=13037"}],"version-history":[{"count":3,"href":"https:\/\/arroyitoonline.com.ar\/index.php?rest_route=\/wp\/v2\/posts\/13037\/revisions"}],"predecessor-version":[{"id":13042,"href":"https:\/\/arroyitoonline.com.ar\/index.php?rest_route=\/wp\/v2\/posts\/13037\/revisions\/13042"}],"wp:featuredmedia":[{"embeddable":true,"href":"https:\/\/arroyitoonline.com.ar\/index.php?rest_route=\/wp\/v2\/media\/13039"}],"wp:attachment":[{"href":"https:\/\/arroyitoonline.com.ar\/index.php?rest_route=%2Fwp%2Fv2%2Fmedia&parent=13037"}],"wp:term":[{"taxonomy":"category","embeddable":true,"href":"https:\/\/arroyitoonline.com.ar\/index.php?rest_route=%2Fwp%2Fv2%2Fcategories&post=13037"},{"taxonomy":"post_tag","embeddable":true,"href":"https:\/\/arroyitoonline.com.ar\/index.php?rest_route=%2Fwp%2Fv2%2Ftags&post=13037"}],"curies":[{"name":"wp","href":"https:\/\/api.w.org\/{rel}","templated":true}]}}