{"id":13044,"date":"2021-07-12T13:28:58","date_gmt":"2021-07-12T13:28:58","guid":{"rendered":"https:\/\/arroyitoonline.com.ar\/?p=13044"},"modified":"2021-07-13T14:07:20","modified_gmt":"2021-07-13T14:07:20","slug":"un-choque-de-motos-dejo-como-saldo-dos-menores-con-lesiones-graves","status":"publish","type":"post","link":"https:\/\/arroyitoonline.com.ar\/?p=13044","title":{"rendered":"Un choque de motos dej\u00f3 como saldo dos menores con lesiones graves"},"content":{"rendered":"\n<p><strong>Ocurri\u00f3 el s\u00e1bado a la tarde, en la intersecci\u00f3n de las calles General Paz y Rafael N\u00fa\u00f1ez.<\/strong><\/p>\n\n\n\n<p>Minutos antes de las 20:00 horas del s\u00e1bado 10 de julio, en la intersecci\u00f3n de las calles General Paz y Rafael N\u00fa\u00f1ez, se produjo un accidente de tr\u00e1nsito, que result\u00f3 con dos menores lesionados graves. <\/p>\n\n\n\n<p>Una motocicleta marca Guerrero Trip color azul, conducida por un joven de 17 a\u00f1os, circulaba por N\u00fa\u00f1ez y, cuando lleg\u00f3 a la esquina de General Paz, colision\u00f3 con una moto Honda Wave color negro, sin dominio, guiada por un adolescente de 16 a\u00f1os que iba acompa\u00f1ado por su hermano de 13, todos domiciliados en esa ciudad.<\/p>\n\n\n\n<p>A continuaci\u00f3n, el servicio de emergencias traslad\u00f3 a los ocupantes de ambos rodados al Hospital Municipal Carlos Rodr\u00edguez, donde les diagnosticaron lesiones graves al conductor de la Trip y al acompa\u00f1ante de la Wave. Se labraron las actuaciones sumariales de rigor, con conocimiento y participaci\u00f3n de la Fiscal\u00eda de Instrucci\u00f3n de Arroyito.<\/p>\n\n\n\n<p>Fuente: secci\u00f3n Prensa UR Departamental San Justo.<\/p>\n","protected":false},"excerpt":{"rendered":"<p>Ocurri\u00f3 el s\u00e1bado a la tarde, en la intersecci\u00f3n de las calles General Paz y Rafael N\u00fa\u00f1ez. Minutos antes de&hellip;<\/p>\n","protected":false},"author":3,"featured_media":9911,"comment_status":"closed","ping_status":"open","sticky":false,"template":"","format":"standard","meta":{"footnotes":""},"categories":[824],"tags":[66,67,836,191,530,1086,547,572,635,637,638,825],"class_list":["post-13044","post","type-post","status-publish","format-standard","has-post-thumbnail","hentry","category-policiales-online","tag-arroyito","tag-arroyito-cordoba","tag-arroyito-online","tag-choque","tag-menores","tag-moto","tag-motos","tag-noticias-de-arroyito-y-zona","tag-policia","tag-policiales","tag-policiales-arroyito","tag-policiales-online"],"_links":{"self":[{"href":"https:\/\/arroyitoonline.com.ar\/index.php?rest_route=\/wp\/v2\/posts\/13044","targetHints":{"allow":["GET"]}}],"collection":[{"href":"https:\/\/arroyitoonline.com.ar\/index.php?rest_route=\/wp\/v2\/posts"}],"about":[{"href":"https:\/\/arroyitoonline.com.ar\/index.php?rest_route=\/wp\/v2\/types\/post"}],"author":[{"embeddable":true,"href":"https:\/\/arroyitoonline.com.ar\/index.php?rest_route=\/wp\/v2\/users\/3"}],"replies":[{"embeddable":true,"href":"https:\/\/arroyitoonline.com.ar\/index.php?rest_route=%2Fwp%2Fv2%2Fcomments&post=13044"}],"version-history":[{"count":2,"href":"https:\/\/arroyitoonline.com.ar\/index.php?rest_route=\/wp\/v2\/posts\/13044\/revisions"}],"predecessor-version":[{"id":13058,"href":"https:\/\/arroyitoonline.com.ar\/index.php?rest_route=\/wp\/v2\/posts\/13044\/revisions\/13058"}],"wp:featuredmedia":[{"embeddable":true,"href":"https:\/\/arroyitoonline.com.ar\/index.php?rest_route=\/wp\/v2\/media\/9911"}],"wp:attachment":[{"href":"https:\/\/arroyitoonline.com.ar\/index.php?rest_route=%2Fwp%2Fv2%2Fmedia&parent=13044"}],"wp:term":[{"taxonomy":"category","embeddable":true,"href":"https:\/\/arroyitoonline.com.ar\/index.php?rest_route=%2Fwp%2Fv2%2Fcategories&post=13044"},{"taxonomy":"post_tag","embeddable":true,"href":"https:\/\/arroyitoonline.com.ar\/index.php?rest_route=%2Fwp%2Fv2%2Ftags&post=13044"}],"curies":[{"name":"wp","href":"https:\/\/api.w.org\/{rel}","templated":true}]}}