{"id":13046,"date":"2021-07-12T13:50:03","date_gmt":"2021-07-12T13:50:03","guid":{"rendered":"https:\/\/arroyitoonline.com.ar\/?p=13046"},"modified":"2021-07-12T13:51:14","modified_gmt":"2021-07-12T13:51:14","slug":"se-produjo-un-incendio-en-la-iglesia-evangelica-de-calle-urquia","status":"publish","type":"post","link":"https:\/\/arroyitoonline.com.ar\/?p=13046","title":{"rendered":"Se produjo un incendio en la Iglesia Evang\u00e9lica de calle Urqu\u00eda"},"content":{"rendered":"\n<p><strong>Fue en la madrugada del domingo. Lo extinguieron dos dotaciones de Bomberos Voluntarios. <\/strong><\/p>\n\n\n\n<p>A las 4:30 horas de la madrugada del domingo, se produjo un foco de incendio en el interior de la Iglesia Evang\u00e9lica ubicada sobre calle Ignacio Urqu\u00eda al 700.<\/p>\n\n\n\n<p>Al lugar acudieron personal policial y una dotaci\u00f3n de Bomberos Voluntarios, en el m\u00f3vil 11 a cargo del Cabo 1\u00b0 Adriano Fera. Despu\u00e9s se solicit\u00f3 una unidad liviana de refuerzo con personal y equipos de respiraci\u00f3n aut\u00f3noma adicionales y otra de abastecimiento. Se realizaron tareas de extinci\u00f3n, enfriamiento y escombramiento.<\/p>\n\n\n\n<p>Se puso en conocimiento a la Fiscal\u00eda de instrucci\u00f3n de Arroyito.<\/p>\n\n\n\n<div class=\"wp-block-image\"><figure class=\"aligncenter\"><a href=\"https:\/\/arroyito.net\/wp-content\/uploads\/2021\/07\/Iglesia-003.jpg\"><img decoding=\"async\" src=\"https:\/\/arroyito.net\/wp-content\/uploads\/2021\/07\/Iglesia-003-1024x683.jpg\" alt=\"\" class=\"wp-image-7012\"\/><\/a><figcaption><em>La imagen tomada por Walter Llanes, para Arroyito Net, muestra los da\u00f1os producidos por el siniestro.<\/em><\/figcaption><\/figure><\/div>\n\n\n\n<p><em>C\u00f3mo se ocasion\u00f3 el siniestro<\/em><\/p>\n\n\n\n<p>Seg\u00fan lo informaron fuentes oficiales de la iglesia a <strong>Arroyito Net<\/strong>, <em>todas las t\u00e9rmicas estaban bajas y llama la atenci\u00f3n el incendio de una casilla de gas en el patio (sin uso hace tiempo) y algunas bolsas de residuos que no pertenecen a la instituci\u00f3n<\/em>. <\/p>\n\n\n\n<p><strong>Desde el templo tambi\u00e9n indicaron que el da\u00f1o material producido oscilar\u00eda entre los cinco y seis millones de pesos<\/strong>. <\/p>\n\n\n\n<p>Fuentes: Asociaci\u00f3n Bomberos Voluntarios de Arroyito, secci\u00f3n Prensa UR Departamental San Justo y Arroyito Net.<\/p>\n","protected":false},"excerpt":{"rendered":"<p>Fue en la madrugada del domingo. Lo extinguieron dos dotaciones de Bomberos Voluntarios. A las 4:30 horas de la madrugada&hellip;<\/p>\n","protected":false},"author":3,"featured_media":13047,"comment_status":"closed","ping_status":"open","sticky":false,"template":"","format":"standard","meta":{"footnotes":""},"categories":[824],"tags":[66,67,836,127,128,129,431,435,572,635,637,638,825],"class_list":["post-13046","post","type-post","status-publish","format-standard","has-post-thumbnail","hentry","category-policiales-online","tag-arroyito","tag-arroyito-cordoba","tag-arroyito-online","tag-bomberos-arroyito","tag-bomberos-de-arroyito","tag-bomberos-voluntarios","tag-iglesia","tag-incendio","tag-noticias-de-arroyito-y-zona","tag-policia","tag-policiales","tag-policiales-arroyito","tag-policiales-online"],"_links":{"self":[{"href":"https:\/\/arroyitoonline.com.ar\/index.php?rest_route=\/wp\/v2\/posts\/13046","targetHints":{"allow":["GET"]}}],"collection":[{"href":"https:\/\/arroyitoonline.com.ar\/index.php?rest_route=\/wp\/v2\/posts"}],"about":[{"href":"https:\/\/arroyitoonline.com.ar\/index.php?rest_route=\/wp\/v2\/types\/post"}],"author":[{"embeddable":true,"href":"https:\/\/arroyitoonline.com.ar\/index.php?rest_route=\/wp\/v2\/users\/3"}],"replies":[{"embeddable":true,"href":"https:\/\/arroyitoonline.com.ar\/index.php?rest_route=%2Fwp%2Fv2%2Fcomments&post=13046"}],"version-history":[{"count":2,"href":"https:\/\/arroyitoonline.com.ar\/index.php?rest_route=\/wp\/v2\/posts\/13046\/revisions"}],"predecessor-version":[{"id":13049,"href":"https:\/\/arroyitoonline.com.ar\/index.php?rest_route=\/wp\/v2\/posts\/13046\/revisions\/13049"}],"wp:featuredmedia":[{"embeddable":true,"href":"https:\/\/arroyitoonline.com.ar\/index.php?rest_route=\/wp\/v2\/media\/13047"}],"wp:attachment":[{"href":"https:\/\/arroyitoonline.com.ar\/index.php?rest_route=%2Fwp%2Fv2%2Fmedia&parent=13046"}],"wp:term":[{"taxonomy":"category","embeddable":true,"href":"https:\/\/arroyitoonline.com.ar\/index.php?rest_route=%2Fwp%2Fv2%2Fcategories&post=13046"},{"taxonomy":"post_tag","embeddable":true,"href":"https:\/\/arroyitoonline.com.ar\/index.php?rest_route=%2Fwp%2Fv2%2Ftags&post=13046"}],"curies":[{"name":"wp","href":"https:\/\/api.w.org\/{rel}","templated":true}]}}