{"id":13060,"date":"2021-07-13T15:08:55","date_gmt":"2021-07-13T15:08:55","guid":{"rendered":"https:\/\/arroyitoonline.com.ar\/?p=13060"},"modified":"2021-07-14T14:41:27","modified_gmt":"2021-07-14T14:41:27","slug":"arroyito-en-junio-de-2021-se-registro-el-doble-de-muertes-que-en-el-mismo-mes-del-ano-pasado","status":"publish","type":"post","link":"https:\/\/arroyitoonline.com.ar\/?p=13060","title":{"rendered":"Arroyito: en junio de 2021 se registr\u00f3 el doble de muertes que en el mismo mes del a\u00f1o pasado"},"content":{"rendered":"\n<p><strong>Las muertes relacionadas al coronavirus elevaron la estad\u00edstica de fallecimientos al m\u00e1ximo hist\u00f3rico en 30 d\u00edas.<\/strong><\/p>\n\n\n\n<p>El impacto de la pandemia Coronavirus puede verse en diversos \u00e1mbitos de la vida cotidiana. Tal es el caso de la estad\u00edstica de <a href=\"https:\/\/arroyitoonline.com.ar\/funebres\/\">fallecimientos<\/a> en nuestra ciudad y la zona. <strong>En junio de 2020<\/strong>, seg\u00fan los informes necrol\u00f3gicos enviados por Asociaci\u00f3n Mutual Arroyito, <strong>se registraron 19 decesos<\/strong>. <\/p>\n\n\n\n<p>Por su parte, <strong>un a\u00f1o despu\u00e9s, en junio de 2021, fueron 41 las muertes<\/strong> comunicadas; es decir,<strong> m\u00e1s del doble que el mismo mes del a\u00f1o anterior<\/strong>. Del total, <strong>10 resultaron fallecimientos vinculados a la Covid-19<\/strong>, seg\u00fan registros diarios del Centro de Emergencias de Arroyito (CEA).<\/p>\n\n\n\n<p>En esta misma l\u00ednea, junio de 2021 fue el peor mes en relaci\u00f3n a la curva de contagios de la segunda ola en nuestra ciudad, produci\u00e9ndose la marca m\u00e1xima de 471 casos positivos activos.<\/p>\n\n\n\n<p>En este marco, las muertes relacionadas a la pandemia siguieron registr\u00e1ndose y elevaron la estad\u00edstica de fallecimientos al m\u00e1ximo hist\u00f3rico en 30 d\u00edas, siendo la segunda marca mayor, la de octubre de 2020, en pleno pico de la primera ola de coronavirus. <\/p>\n","protected":false},"excerpt":{"rendered":"<p>Las muertes relacionadas al coronavirus elevaron la estad\u00edstica de fallecimientos al m\u00e1ximo hist\u00f3rico en 30 d\u00edas. El impacto de la&hellip;<\/p>\n","protected":false},"author":3,"featured_media":13061,"comment_status":"closed","ping_status":"open","sticky":false,"template":"","format":"standard","meta":{"footnotes":""},"categories":[900],"tags":[66,67,836,79,166,1149,1108,1152,548,572],"class_list":["post-13060","post","type-post","status-publish","format-standard","has-post-thumbnail","hentry","category-noticias","tag-arroyito","tag-arroyito-cordoba","tag-arroyito-online","tag-asociacion-mutual-arroyito","tag-cementerio","tag-centro-de-emergencias-de-arroyito","tag-coronavirus","tag-covid-19","tag-muerte","tag-noticias-de-arroyito-y-zona"],"_links":{"self":[{"href":"https:\/\/arroyitoonline.com.ar\/index.php?rest_route=\/wp\/v2\/posts\/13060","targetHints":{"allow":["GET"]}}],"collection":[{"href":"https:\/\/arroyitoonline.com.ar\/index.php?rest_route=\/wp\/v2\/posts"}],"about":[{"href":"https:\/\/arroyitoonline.com.ar\/index.php?rest_route=\/wp\/v2\/types\/post"}],"author":[{"embeddable":true,"href":"https:\/\/arroyitoonline.com.ar\/index.php?rest_route=\/wp\/v2\/users\/3"}],"replies":[{"embeddable":true,"href":"https:\/\/arroyitoonline.com.ar\/index.php?rest_route=%2Fwp%2Fv2%2Fcomments&post=13060"}],"version-history":[{"count":2,"href":"https:\/\/arroyitoonline.com.ar\/index.php?rest_route=\/wp\/v2\/posts\/13060\/revisions"}],"predecessor-version":[{"id":13083,"href":"https:\/\/arroyitoonline.com.ar\/index.php?rest_route=\/wp\/v2\/posts\/13060\/revisions\/13083"}],"wp:featuredmedia":[{"embeddable":true,"href":"https:\/\/arroyitoonline.com.ar\/index.php?rest_route=\/wp\/v2\/media\/13061"}],"wp:attachment":[{"href":"https:\/\/arroyitoonline.com.ar\/index.php?rest_route=%2Fwp%2Fv2%2Fmedia&parent=13060"}],"wp:term":[{"taxonomy":"category","embeddable":true,"href":"https:\/\/arroyitoonline.com.ar\/index.php?rest_route=%2Fwp%2Fv2%2Fcategories&post=13060"},{"taxonomy":"post_tag","embeddable":true,"href":"https:\/\/arroyitoonline.com.ar\/index.php?rest_route=%2Fwp%2Fv2%2Ftags&post=13060"}],"curies":[{"name":"wp","href":"https:\/\/api.w.org\/{rel}","templated":true}]}}