{"id":13108,"date":"2021-07-19T13:42:01","date_gmt":"2021-07-19T13:42:01","guid":{"rendered":"https:\/\/arroyitoonline.com.ar\/?p=13108"},"modified":"2021-07-19T13:42:04","modified_gmt":"2021-07-19T13:42:04","slug":"participaba-de-reunion-clandestina-agredio-a-la-policia-y-fue-detenida","status":"publish","type":"post","link":"https:\/\/arroyitoonline.com.ar\/?p=13108","title":{"rendered":"Participaba de reuni\u00f3n clandestina, agredi\u00f3 a la Polic\u00eda y fue detenida"},"content":{"rendered":"\n<p><strong>Se trata de una joven que interrumpi\u00f3 el accionar de la fuerza p\u00fablica y qued\u00f3 alojada por supuesto autor de resistencia a la autoridad.<\/strong><\/p>\n\n\n\n<p>A las 5:00 de la ma\u00f1ana del s\u00e1bado, personal policial se constituy\u00f3 en una vivienda de calle Urquiza al 700, donde se estaba desarrollando una reuni\u00f3n de amigos.<\/p>\n\n\n\n<p>En este marco, uniformados labraron las actas correspondientes a todos los participantes, por incumplimiento de las medidas impuestas ante la propagaci\u00f3n de la pandemia.<\/p>\n\n\n\n<p>En momentos en los que se controlaba al morador de la casa y una moto Guerrero G110 Trip color negro que se encontraba en la v\u00eda p\u00fablica, una de las j\u00f3venes presentes interrumpi\u00f3 el accionar de la fuerza p\u00fablica.<\/p>\n\n\n\n<p>La chica agredi\u00f3 e increp\u00f3 a los polic\u00edas, motivo por el cual fue detenida y trasladada a Comisar\u00eda local quedando alojada por supuesto autor de resistencia a la autoridad, a disposici\u00f3n de Fiscal\u00eda de Feria de San Francisco. <\/p>\n\n\n\n<p>Fuentes: informe del comisario Facundo Bosco, Jefe de la Comisar\u00eda de Distrito Arroyito | secci\u00f3n Prensa UR Departamental San Justo.<\/p>\n","protected":false},"excerpt":{"rendered":"<p>Se trata de una joven que interrumpi\u00f3 el accionar de la fuerza p\u00fablica y qued\u00f3 alojada por supuesto autor de&hellip;<\/p>\n","protected":false},"author":3,"featured_media":2727,"comment_status":"closed","ping_status":"open","sticky":false,"template":"","format":"standard","meta":{"footnotes":""},"categories":[824],"tags":[66,67,836,1108,1152,372,572,635,637,638,825],"class_list":["post-13108","post","type-post","status-publish","format-standard","has-post-thumbnail","hentry","category-policiales-online","tag-arroyito","tag-arroyito-cordoba","tag-arroyito-online","tag-coronavirus","tag-covid-19","tag-fiesta","tag-noticias-de-arroyito-y-zona","tag-policia","tag-policiales","tag-policiales-arroyito","tag-policiales-online"],"_links":{"self":[{"href":"https:\/\/arroyitoonline.com.ar\/index.php?rest_route=\/wp\/v2\/posts\/13108","targetHints":{"allow":["GET"]}}],"collection":[{"href":"https:\/\/arroyitoonline.com.ar\/index.php?rest_route=\/wp\/v2\/posts"}],"about":[{"href":"https:\/\/arroyitoonline.com.ar\/index.php?rest_route=\/wp\/v2\/types\/post"}],"author":[{"embeddable":true,"href":"https:\/\/arroyitoonline.com.ar\/index.php?rest_route=\/wp\/v2\/users\/3"}],"replies":[{"embeddable":true,"href":"https:\/\/arroyitoonline.com.ar\/index.php?rest_route=%2Fwp%2Fv2%2Fcomments&post=13108"}],"version-history":[{"count":1,"href":"https:\/\/arroyitoonline.com.ar\/index.php?rest_route=\/wp\/v2\/posts\/13108\/revisions"}],"predecessor-version":[{"id":13109,"href":"https:\/\/arroyitoonline.com.ar\/index.php?rest_route=\/wp\/v2\/posts\/13108\/revisions\/13109"}],"wp:featuredmedia":[{"embeddable":true,"href":"https:\/\/arroyitoonline.com.ar\/index.php?rest_route=\/wp\/v2\/media\/2727"}],"wp:attachment":[{"href":"https:\/\/arroyitoonline.com.ar\/index.php?rest_route=%2Fwp%2Fv2%2Fmedia&parent=13108"}],"wp:term":[{"taxonomy":"category","embeddable":true,"href":"https:\/\/arroyitoonline.com.ar\/index.php?rest_route=%2Fwp%2Fv2%2Fcategories&post=13108"},{"taxonomy":"post_tag","embeddable":true,"href":"https:\/\/arroyitoonline.com.ar\/index.php?rest_route=%2Fwp%2Fv2%2Ftags&post=13108"}],"curies":[{"name":"wp","href":"https:\/\/api.w.org\/{rel}","templated":true}]}}