{"id":13110,"date":"2021-07-19T14:10:00","date_gmt":"2021-07-19T14:10:00","guid":{"rendered":"https:\/\/arroyitoonline.com.ar\/?p=13110"},"modified":"2021-07-19T14:10:03","modified_gmt":"2021-07-19T14:10:03","slug":"comienza-a-tomar-forma-el-servicio-de-salud-mental-del-hospital-municipal","status":"publish","type":"post","link":"https:\/\/arroyitoonline.com.ar\/?p=13110","title":{"rendered":"Comienza a tomar forma el servicio de Salud Mental del hospital municipal"},"content":{"rendered":"\n<p><strong>Benedetti recibi\u00f3 a la Lic. en Psicolog\u00eda Cecilia Poncel, de la Secretar\u00eda de Salud Mental del Ministerio de Salud del Gobierno de C\u00f3rdoba.<\/strong><\/p>\n\n\n\n<p>D\u00edas pasados, el intendente Gustavo Benedetti recibi\u00f3 a la Lic. en Psicolog\u00eda Cecilia Poncel, de la Secretar\u00eda de Salud Mental del Ministerio de Salud del Gobierno de la Provincia de C\u00f3rdoba.<\/p>\n\n\n\n<p>Junto al equipo directivo del Hospital Municipal de Autogesti\u00f3n Carlos Rodr\u00edguez, ambos analizaron las condiciones edilicias y los recursos t\u00e9cnicos y humanos con los que cuenta el nosocomio para la puesta en marcha del Servicio de Salud Mental.<\/p>\n\n\n\n<p>En la oportunidad, la profesional destac\u00f3 las condiciones y los recursos de nuestro hospital municipal y orient\u00f3 al equipo municipal en los pasos que deben seguirse para la consolidaci\u00f3n de un grupo de trabajo en Salud Mental que articular\u00e1 con su par del Hospital Iturraspe de la ciudad de San Francisco.<\/p>\n","protected":false},"excerpt":{"rendered":"<p>Benedetti recibi\u00f3 a la Lic. en Psicolog\u00eda Cecilia Poncel, de la Secretar\u00eda de Salud Mental del Ministerio de Salud del&hellip;<\/p>\n","protected":false},"author":3,"featured_media":13111,"comment_status":"closed","ping_status":"open","sticky":false,"template":"","format":"standard","meta":{"footnotes":""},"categories":[9],"tags":[66,67,836,404,405,1102,426,1126,1177,572,706,707],"class_list":["post-13110","post","type-post","status-publish","format-standard","has-post-thumbnail","hentry","category-infosalud","tag-arroyito","tag-arroyito-cordoba","tag-arroyito-online","tag-gobierno-de-cordoba","tag-gobierno-de-la-provincia","tag-gobierno-municipal","tag-hospital","tag-hospital-iturraspe","tag-hospital-municipal-carlos-j-rodriguez","tag-noticias-de-arroyito-y-zona","tag-salud","tag-salud-mental"],"_links":{"self":[{"href":"https:\/\/arroyitoonline.com.ar\/index.php?rest_route=\/wp\/v2\/posts\/13110","targetHints":{"allow":["GET"]}}],"collection":[{"href":"https:\/\/arroyitoonline.com.ar\/index.php?rest_route=\/wp\/v2\/posts"}],"about":[{"href":"https:\/\/arroyitoonline.com.ar\/index.php?rest_route=\/wp\/v2\/types\/post"}],"author":[{"embeddable":true,"href":"https:\/\/arroyitoonline.com.ar\/index.php?rest_route=\/wp\/v2\/users\/3"}],"replies":[{"embeddable":true,"href":"https:\/\/arroyitoonline.com.ar\/index.php?rest_route=%2Fwp%2Fv2%2Fcomments&post=13110"}],"version-history":[{"count":1,"href":"https:\/\/arroyitoonline.com.ar\/index.php?rest_route=\/wp\/v2\/posts\/13110\/revisions"}],"predecessor-version":[{"id":13112,"href":"https:\/\/arroyitoonline.com.ar\/index.php?rest_route=\/wp\/v2\/posts\/13110\/revisions\/13112"}],"wp:featuredmedia":[{"embeddable":true,"href":"https:\/\/arroyitoonline.com.ar\/index.php?rest_route=\/wp\/v2\/media\/13111"}],"wp:attachment":[{"href":"https:\/\/arroyitoonline.com.ar\/index.php?rest_route=%2Fwp%2Fv2%2Fmedia&parent=13110"}],"wp:term":[{"taxonomy":"category","embeddable":true,"href":"https:\/\/arroyitoonline.com.ar\/index.php?rest_route=%2Fwp%2Fv2%2Fcategories&post=13110"},{"taxonomy":"post_tag","embeddable":true,"href":"https:\/\/arroyitoonline.com.ar\/index.php?rest_route=%2Fwp%2Fv2%2Ftags&post=13110"}],"curies":[{"name":"wp","href":"https:\/\/api.w.org\/{rel}","templated":true}]}}