{"id":13118,"date":"2021-07-19T22:24:51","date_gmt":"2021-07-19T22:24:51","guid":{"rendered":"https:\/\/arroyitoonline.com.ar\/?p=13118"},"modified":"2021-07-19T22:24:59","modified_gmt":"2021-07-19T22:24:59","slug":"vacaciones-de-invierno-el-gobierno-municipal-llevo-a-mas-de-80-chicos-al-cine","status":"publish","type":"post","link":"https:\/\/arroyitoonline.com.ar\/?p=13118","title":{"rendered":"Vacaciones de invierno: el Gobierno Municipal llev\u00f3 a m\u00e1s de 80 chicos al cine"},"content":{"rendered":"\n<p><strong>Se trata de aquellos que participan de Casita, PreNAF y el Consejo de Ni\u00f1os y Ni\u00f1as.<\/strong><\/p>\n\n\n\n<p><strong>El fin de semana, los chicos que participan de Casita, PreNAF y el Consejo de Ni\u00f1os y Ni\u00f1as asistieron al cine y disfrutaron de una ma\u00f1ana de s\u00e1bado distinta, en el marco de las vacaciones de invierno.<\/strong><\/p>\n\n\n\n<p>Con la iniciativa de que puedan desarrollar actividades diferentes y para dar impulso al cine de Arroyito, el intendente realiz\u00f3 esta invitaci\u00f3n. En una alegre jornada, los chicos vieron pel\u00edcula Space Jam.<\/p>\n\n\n\n<p>Asistieron junto a la responsable de PreNAF, Silvia Lovera, y la responsable del Programa Arroyito, Ciudad de Ni\u00f1os y Ni\u00f1as y del Consejo de Ni\u00f1os y Ni\u00f1as, Mariana Italiano.<\/p>\n\n\n\n<p>Desde el Gobierno Municipal agradecieron a Cinema 2000 por la predisposici\u00f3n, calidad de atenci\u00f3n y entrega brindada para el desarrollo de esta jornada.<\/p>\n","protected":false},"excerpt":{"rendered":"<p>Se trata de aquellos que participan de Casita, PreNAF y el Consejo de Ni\u00f1os y Ni\u00f1as. El fin de semana,&hellip;<\/p>\n","protected":false},"author":3,"featured_media":13120,"comment_status":"closed","ping_status":"open","sticky":false,"template":"","format":"standard","meta":{"footnotes":""},"categories":[962],"tags":[66,67,836,195,196,233,1102,459,570,572,647,788],"class_list":["post-13118","post","type-post","status-publish","format-standard","has-post-thumbnail","hentry","category-ninez-y-adolescencia","tag-arroyito","tag-arroyito-cordoba","tag-arroyito-online","tag-cine","tag-cinema-2000","tag-consejo-de-ninos","tag-gobierno-municipal","tag-invierno","tag-ninez","tag-noticias-de-arroyito-y-zona","tag-prenaf","tag-vacaciones"],"_links":{"self":[{"href":"https:\/\/arroyitoonline.com.ar\/index.php?rest_route=\/wp\/v2\/posts\/13118","targetHints":{"allow":["GET"]}}],"collection":[{"href":"https:\/\/arroyitoonline.com.ar\/index.php?rest_route=\/wp\/v2\/posts"}],"about":[{"href":"https:\/\/arroyitoonline.com.ar\/index.php?rest_route=\/wp\/v2\/types\/post"}],"author":[{"embeddable":true,"href":"https:\/\/arroyitoonline.com.ar\/index.php?rest_route=\/wp\/v2\/users\/3"}],"replies":[{"embeddable":true,"href":"https:\/\/arroyitoonline.com.ar\/index.php?rest_route=%2Fwp%2Fv2%2Fcomments&post=13118"}],"version-history":[{"count":1,"href":"https:\/\/arroyitoonline.com.ar\/index.php?rest_route=\/wp\/v2\/posts\/13118\/revisions"}],"predecessor-version":[{"id":13121,"href":"https:\/\/arroyitoonline.com.ar\/index.php?rest_route=\/wp\/v2\/posts\/13118\/revisions\/13121"}],"wp:featuredmedia":[{"embeddable":true,"href":"https:\/\/arroyitoonline.com.ar\/index.php?rest_route=\/wp\/v2\/media\/13120"}],"wp:attachment":[{"href":"https:\/\/arroyitoonline.com.ar\/index.php?rest_route=%2Fwp%2Fv2%2Fmedia&parent=13118"}],"wp:term":[{"taxonomy":"category","embeddable":true,"href":"https:\/\/arroyitoonline.com.ar\/index.php?rest_route=%2Fwp%2Fv2%2Fcategories&post=13118"},{"taxonomy":"post_tag","embeddable":true,"href":"https:\/\/arroyitoonline.com.ar\/index.php?rest_route=%2Fwp%2Fv2%2Ftags&post=13118"}],"curies":[{"name":"wp","href":"https:\/\/api.w.org\/{rel}","templated":true}]}}