{"id":13122,"date":"2021-07-21T03:23:21","date_gmt":"2021-07-21T03:23:21","guid":{"rendered":"https:\/\/arroyitoonline.com.ar\/?p=13122"},"modified":"2021-07-21T03:23:23","modified_gmt":"2021-07-21T03:23:23","slug":"el-vacunatorio-funcionara-los-dias-miercoles-21-y-jueves-22","status":"publish","type":"post","link":"https:\/\/arroyitoonline.com.ar\/?p=13122","title":{"rendered":"El vacunatorio funcionar\u00e1 los d\u00edas mi\u00e9rcoles 21 y jueves 22"},"content":{"rendered":"\n<p><strong>Las inoculaciones se realizan en el sal\u00f3n parroquial, de 8:00 a 15:00 horas.<\/strong><\/p>\n\n\n\n<p><strong>El \u00e1rea de Epidemiolog\u00eda del Hospital Municipal Carlos J. Rodr\u00edguez informa que el vacunatorio del Sal\u00f3n Parroquial funcionar\u00e1 los d\u00edas mi\u00e9rcoles 21 y jueves 22, de 8:00 a 15:00 horas.<\/strong><\/p>\n\n\n\n<p><strong>Cada persona debe acudir a su vacunaci\u00f3n el d\u00eda que fue convocada por el CIDI, como les indica el mensaje de texto o email que reciben.<\/strong><\/p>\n\n\n\n<p>En actualidad, el equipo de Salud se encuentra inoculando a vecinos que han sido convocados d\u00edas pasados, as\u00ed como tambi\u00e9n realiza vacunaci\u00f3n espont\u00e1nea para mayores de 40 a\u00f1os que a\u00fan no recibieron la primera dosis, embarazadas, personas con discapacidad y personal del sistema sanitario. <\/p>\n","protected":false},"excerpt":{"rendered":"<p>Las inoculaciones se realizan en el sal\u00f3n parroquial, de 8:00 a 15:00 horas. El \u00e1rea de Epidemiolog\u00eda del Hospital Municipal&hellip;<\/p>\n","protected":false},"author":3,"featured_media":13123,"comment_status":"closed","ping_status":"open","sticky":false,"template":"","format":"standard","meta":{"footnotes":""},"categories":[9],"tags":[66,67,836,1108,1152,426,1177,572,705,706,790,1219],"class_list":["post-13122","post","type-post","status-publish","format-standard","has-post-thumbnail","hentry","category-infosalud","tag-arroyito","tag-arroyito-cordoba","tag-arroyito-online","tag-coronavirus","tag-covid-19","tag-hospital","tag-hospital-municipal-carlos-j-rodriguez","tag-noticias-de-arroyito-y-zona","tag-salon-parroquial","tag-salud","tag-vacunacion","tag-vacunacion-covid-19"],"_links":{"self":[{"href":"https:\/\/arroyitoonline.com.ar\/index.php?rest_route=\/wp\/v2\/posts\/13122","targetHints":{"allow":["GET"]}}],"collection":[{"href":"https:\/\/arroyitoonline.com.ar\/index.php?rest_route=\/wp\/v2\/posts"}],"about":[{"href":"https:\/\/arroyitoonline.com.ar\/index.php?rest_route=\/wp\/v2\/types\/post"}],"author":[{"embeddable":true,"href":"https:\/\/arroyitoonline.com.ar\/index.php?rest_route=\/wp\/v2\/users\/3"}],"replies":[{"embeddable":true,"href":"https:\/\/arroyitoonline.com.ar\/index.php?rest_route=%2Fwp%2Fv2%2Fcomments&post=13122"}],"version-history":[{"count":1,"href":"https:\/\/arroyitoonline.com.ar\/index.php?rest_route=\/wp\/v2\/posts\/13122\/revisions"}],"predecessor-version":[{"id":13125,"href":"https:\/\/arroyitoonline.com.ar\/index.php?rest_route=\/wp\/v2\/posts\/13122\/revisions\/13125"}],"wp:featuredmedia":[{"embeddable":true,"href":"https:\/\/arroyitoonline.com.ar\/index.php?rest_route=\/wp\/v2\/media\/13123"}],"wp:attachment":[{"href":"https:\/\/arroyitoonline.com.ar\/index.php?rest_route=%2Fwp%2Fv2%2Fmedia&parent=13122"}],"wp:term":[{"taxonomy":"category","embeddable":true,"href":"https:\/\/arroyitoonline.com.ar\/index.php?rest_route=%2Fwp%2Fv2%2Fcategories&post=13122"},{"taxonomy":"post_tag","embeddable":true,"href":"https:\/\/arroyitoonline.com.ar\/index.php?rest_route=%2Fwp%2Fv2%2Ftags&post=13122"}],"curies":[{"name":"wp","href":"https:\/\/api.w.org\/{rel}","templated":true}]}}