{"id":13138,"date":"2021-07-22T13:25:39","date_gmt":"2021-07-22T13:25:39","guid":{"rendered":"https:\/\/arroyitoonline.com.ar\/?p=13138"},"modified":"2021-07-22T14:32:50","modified_gmt":"2021-07-22T14:32:50","slug":"en-agosto-comienza-el-taller-de-corte-y-confeccion","status":"publish","type":"post","link":"https:\/\/arroyitoonline.com.ar\/?p=13138","title":{"rendered":"En agosto comienza el Taller de corte y confecci\u00f3n"},"content":{"rendered":"\n<p><strong>Empieza un nuevo curso de oficio en la Casa de la Cultura. Las clases ser\u00e1n todos los viernes de agosto por la tarde.<\/strong><\/p>\n\n\n\n<p>La Secretar\u00eda de Educaci\u00f3n y Cultura del Gobierno Municipal informa que, en el mes de agosto, comenzar\u00e1 a dictarse un nuevo curso de oficio. En este caso, se trata del <strong>Taller de corte y confecci\u00f3n<\/strong>.<\/p>\n\n\n\n<div class=\"wp-block-image\"><figure class=\"aligncenter size-large is-resized\"><img loading=\"lazy\" decoding=\"async\" src=\"https:\/\/arroyitoonline.com.ar\/wp-content\/uploads\/2021\/07\/corte-y-confecci\u00f3n-1024x1024.jpg\" alt=\"\" class=\"wp-image-13139\" width=\"583\" height=\"583\" srcset=\"https:\/\/arroyitoonline.com.ar\/wp-content\/uploads\/2021\/07\/corte-y-confecci\u00f3n-1024x1024.jpg 1024w, https:\/\/arroyitoonline.com.ar\/wp-content\/uploads\/2021\/07\/corte-y-confecci\u00f3n-300x300.jpg 300w, https:\/\/arroyitoonline.com.ar\/wp-content\/uploads\/2021\/07\/corte-y-confecci\u00f3n-150x150.jpg 150w, https:\/\/arroyitoonline.com.ar\/wp-content\/uploads\/2021\/07\/corte-y-confecci\u00f3n-768x768.jpg 768w, https:\/\/arroyitoonline.com.ar\/wp-content\/uploads\/2021\/07\/corte-y-confecci\u00f3n.jpg 1280w\" sizes=\"auto, (max-width: 583px) 100vw, 583px\" \/><figcaption><em>Agosto trae un nuevo curso de oficio a la Casa de la Cultura.<\/em><\/figcaption><\/figure><\/div>\n\n\n\n<p>Las clases ser\u00e1n todos los viernes de agosto por la tarde. Los interesados pueden realizar consultas en la <strong>Casa de la Cultura, de lunes a viernes de 9:00 a 18:00 horas<\/strong>.<\/p>\n\n\n\n<p>Los cupos son limitados, \u00a1no te lo pierdas!<\/p>\n","protected":false},"excerpt":{"rendered":"<p>Empieza un nuevo curso de oficio en la Casa de la Cultura. Las clases ser\u00e1n todos los viernes de agosto&hellip;<\/p>\n","protected":false},"author":3,"featured_media":13140,"comment_status":"closed","ping_status":"open","sticky":false,"template":"","format":"standard","meta":{"footnotes":""},"categories":[830],"tags":[66,67,836,158,265,310,1102,572,748,749],"class_list":["post-13138","post","type-post","status-publish","format-standard","has-post-thumbnail","hentry","category-educacion-online","tag-arroyito","tag-arroyito-cordoba","tag-arroyito-online","tag-casa-de-la-cultura","tag-curso","tag-educacion","tag-gobierno-municipal","tag-noticias-de-arroyito-y-zona","tag-taller","tag-talleres-culturales"],"_links":{"self":[{"href":"https:\/\/arroyitoonline.com.ar\/index.php?rest_route=\/wp\/v2\/posts\/13138","targetHints":{"allow":["GET"]}}],"collection":[{"href":"https:\/\/arroyitoonline.com.ar\/index.php?rest_route=\/wp\/v2\/posts"}],"about":[{"href":"https:\/\/arroyitoonline.com.ar\/index.php?rest_route=\/wp\/v2\/types\/post"}],"author":[{"embeddable":true,"href":"https:\/\/arroyitoonline.com.ar\/index.php?rest_route=\/wp\/v2\/users\/3"}],"replies":[{"embeddable":true,"href":"https:\/\/arroyitoonline.com.ar\/index.php?rest_route=%2Fwp%2Fv2%2Fcomments&post=13138"}],"version-history":[{"count":2,"href":"https:\/\/arroyitoonline.com.ar\/index.php?rest_route=\/wp\/v2\/posts\/13138\/revisions"}],"predecessor-version":[{"id":13149,"href":"https:\/\/arroyitoonline.com.ar\/index.php?rest_route=\/wp\/v2\/posts\/13138\/revisions\/13149"}],"wp:featuredmedia":[{"embeddable":true,"href":"https:\/\/arroyitoonline.com.ar\/index.php?rest_route=\/wp\/v2\/media\/13140"}],"wp:attachment":[{"href":"https:\/\/arroyitoonline.com.ar\/index.php?rest_route=%2Fwp%2Fv2%2Fmedia&parent=13138"}],"wp:term":[{"taxonomy":"category","embeddable":true,"href":"https:\/\/arroyitoonline.com.ar\/index.php?rest_route=%2Fwp%2Fv2%2Fcategories&post=13138"},{"taxonomy":"post_tag","embeddable":true,"href":"https:\/\/arroyitoonline.com.ar\/index.php?rest_route=%2Fwp%2Fv2%2Ftags&post=13138"}],"curies":[{"name":"wp","href":"https:\/\/api.w.org\/{rel}","templated":true}]}}