{"id":13153,"date":"2021-07-22T21:58:44","date_gmt":"2021-07-22T21:58:44","guid":{"rendered":"https:\/\/arroyitoonline.com.ar\/?p=13153"},"modified":"2021-07-22T21:58:46","modified_gmt":"2021-07-22T21:58:46","slug":"este-viernes-23-el-punto-vecino-estara-en-el-centro-cultural-enrique-brizio","status":"publish","type":"post","link":"https:\/\/arroyitoonline.com.ar\/?p=13153","title":{"rendered":"Este viernes 23, el Punto Vecino estar\u00e1 en el Centro Cultural Enrique Brizio"},"content":{"rendered":"\n<p><strong>Este programa municipal que permite acercarse a los centros vecinales para la realizaci\u00f3n de tr\u00e1mites municipales.<\/strong><\/p>\n\n\n\n<p>Sigue la atenci\u00f3n a trav\u00e9s de Punto Vecino, un programa municipal que permite a los interesados acercarse a los centros vecinales para la realizaci\u00f3n de tr\u00e1mites de diferentes \u00e1reas municipales. <\/p>\n\n\n\n<p>Quienes asistan deben llevar el DNI para poder hacer los diferentes tr\u00e1mites. El viernes 23 de julio,\u00a0<strong>el Punto Vecino atender\u00e1 en el Centro Cultural y Vecinal Enrique Brizio (Espacio Cultural Lafaye esquina Ismael Bianchi), de 9:00 a 13:00 horas.<\/strong><\/p>\n\n\n\n<div class=\"wp-block-image\"><figure class=\"aligncenter size-large\"><img loading=\"lazy\" decoding=\"async\" width=\"1024\" height=\"1024\" src=\"https:\/\/arroyitoonline.com.ar\/wp-content\/uploads\/2021\/07\/punto-vecino-1024x1024.jpeg\" alt=\"\" class=\"wp-image-13154\" srcset=\"https:\/\/arroyitoonline.com.ar\/wp-content\/uploads\/2021\/07\/punto-vecino.jpeg 1024w, https:\/\/arroyitoonline.com.ar\/wp-content\/uploads\/2021\/07\/punto-vecino-300x300.jpeg 300w, https:\/\/arroyitoonline.com.ar\/wp-content\/uploads\/2021\/07\/punto-vecino-150x150.jpeg 150w, https:\/\/arroyitoonline.com.ar\/wp-content\/uploads\/2021\/07\/punto-vecino-768x768.jpeg 768w\" sizes=\"auto, (max-width: 1024px) 100vw, 1024px\" \/><figcaption><em>Este viernes 23, el Punto Vecino estar\u00e1 en el CCVEB.<\/em><\/figcaption><\/figure><\/div>\n\n\n\n<p><strong>Tr\u00e1mites que pueden realizarse:<\/strong><\/p>\n\n\n\n<p>\u2022<strong>\u00a0Tr\u00e1mites Digitales:<\/strong>\u00a0Anses (asignaciones); CiDi (generaci\u00f3n de Ciudadano Digital); Registro de vacunaci\u00f3n Covid; reempadronamiento de vacunaci\u00f3n Covid, Boleto Educativo Gratuito; Paicor; partidas de nacimiento; Banco de la Gente.<br>\u2022\u00a0<strong>Empleo:<\/strong>\u00a0entrevistas personales para programas de empleo; curriculum vitae; asesoramiento a emprendedores.<br>\u2022 Tr\u00e1mites de Comercio y Bromatolog\u00eda: habilitaciones, requisitos de apertura de comercios; asesoramiento; consultas.<br>\u2022\u00a0<strong>Tr\u00e1mites para personas con discapacidad:<\/strong>\u00a0empadronamiento de personas con discapacidad, inscripci\u00f3n para la vacunaci\u00f3n contra la covid-19. Turnos para la obtenci\u00f3n del Certificado de Discapacidad, asesoramiento para el tramites de Pensi\u00f3n No Contributiva)-PUAM, tr\u00e1mites de Anses, asesoramiento. Asistir con DNI y certificado de Discapacidad.<br>\u2022\u00a0<strong>Punto Mujer:<\/strong>\u00a0espacio de orientaci\u00f3n, acompa\u00f1amiento y contenci\u00f3n para las mujeres ante situaciones de acoso, agresi\u00f3n u otros casos de violencia de g\u00e9nero. Asesor\u00eda sobre Programas y atenciones espec\u00edficas.<br>\u2022\u00a0<strong>Encuesta sobre residuos s\u00f3lidos urbanos<\/strong><\/p>\n\n\n\n<p><strong>Por su parte, el mi\u00e9rcoles 28 de julio, el Punto Vecino estar\u00e1 en el Centro Vecinal La Curva, de 9:00 a 13:00 horas.<\/strong>\u00a0Realiz\u00e1 tus tr\u00e1mites de manera simple, cerca de tu casa. El Municipio est\u00e1 en los barrios.<\/p>\n","protected":false},"excerpt":{"rendered":"<p>Este programa municipal que permite acercarse a los centros vecinales para la realizaci\u00f3n de tr\u00e1mites municipales. Sigue la atenci\u00f3n a&hellip;<\/p>\n","protected":false},"author":3,"featured_media":11848,"comment_status":"closed","ping_status":"open","sticky":false,"template":"","format":"standard","meta":{"footnotes":""},"categories":[829],"tags":[54,66,67,836,177,181,1102,868,555,556,572,1251],"class_list":["post-13153","post","type-post","status-publish","format-standard","has-post-thumbnail","hentry","category-municipales-online","tag-anses","tag-arroyito","tag-arroyito-cordoba","tag-arroyito-online","tag-centro-vecinal-enrique-brizio","tag-centros-vecinales","tag-gobierno-municipal","tag-municipales-online","tag-municipalidad","tag-municipalidad-de-arroyito","tag-noticias-de-arroyito-y-zona","tag-punto-vecino"],"_links":{"self":[{"href":"https:\/\/arroyitoonline.com.ar\/index.php?rest_route=\/wp\/v2\/posts\/13153","targetHints":{"allow":["GET"]}}],"collection":[{"href":"https:\/\/arroyitoonline.com.ar\/index.php?rest_route=\/wp\/v2\/posts"}],"about":[{"href":"https:\/\/arroyitoonline.com.ar\/index.php?rest_route=\/wp\/v2\/types\/post"}],"author":[{"embeddable":true,"href":"https:\/\/arroyitoonline.com.ar\/index.php?rest_route=\/wp\/v2\/users\/3"}],"replies":[{"embeddable":true,"href":"https:\/\/arroyitoonline.com.ar\/index.php?rest_route=%2Fwp%2Fv2%2Fcomments&post=13153"}],"version-history":[{"count":1,"href":"https:\/\/arroyitoonline.com.ar\/index.php?rest_route=\/wp\/v2\/posts\/13153\/revisions"}],"predecessor-version":[{"id":13155,"href":"https:\/\/arroyitoonline.com.ar\/index.php?rest_route=\/wp\/v2\/posts\/13153\/revisions\/13155"}],"wp:featuredmedia":[{"embeddable":true,"href":"https:\/\/arroyitoonline.com.ar\/index.php?rest_route=\/wp\/v2\/media\/11848"}],"wp:attachment":[{"href":"https:\/\/arroyitoonline.com.ar\/index.php?rest_route=%2Fwp%2Fv2%2Fmedia&parent=13153"}],"wp:term":[{"taxonomy":"category","embeddable":true,"href":"https:\/\/arroyitoonline.com.ar\/index.php?rest_route=%2Fwp%2Fv2%2Fcategories&post=13153"},{"taxonomy":"post_tag","embeddable":true,"href":"https:\/\/arroyitoonline.com.ar\/index.php?rest_route=%2Fwp%2Fv2%2Ftags&post=13153"}],"curies":[{"name":"wp","href":"https:\/\/api.w.org\/{rel}","templated":true}]}}