{"id":13171,"date":"2021-07-24T11:14:20","date_gmt":"2021-07-24T11:14:20","guid":{"rendered":"https:\/\/arroyitoonline.com.ar\/?p=13171"},"modified":"2021-07-24T17:44:49","modified_gmt":"2021-07-24T17:44:49","slug":"covid-19-en-arroyito-murio-una-mujer-de-59-anos","status":"publish","type":"post","link":"https:\/\/arroyitoonline.com.ar\/?p=13171","title":{"rendered":"Covid-19 en Arroyito: muri\u00f3 una mujer de 59 a\u00f1os"},"content":{"rendered":"\n<p><strong>Hasta el momento, son 77 los decesos en el \u00e1mbito local, vinculados a la pandemia coronavirus.<\/strong><\/p>\n\n\n\n<p>Hoy se produjo el fallecimiento de otro paciente de Arroyito con covid-19. Se trata de una mujer de 59 a\u00f1os. Hasta el momento, son 77 los decesos en el \u00e1mbito local, vinculados a la pandemia coronavirus.<\/p>\n\n\n\n<p>Adem\u00e1s, seg\u00fan lo inform\u00f3 el CEA, hoy se registraron 12 nuevos casos de covid-19 en Arroyito, haciendo un total 81 positivos activos.<\/p>\n\n\n\n<p>Este viernes se recuperaron siete personas recibiendo alta de aislamiento. El n\u00famero de pacientes recuperados hasta el momento es de 3497.<\/p>\n\n\n\n<p>Desde que comenz\u00f3 la emergencia sanitaria se contabiliza un total de 3655 casos (sumando los actuales activos, recuperados y 77 decesos).<\/p>\n","protected":false},"excerpt":{"rendered":"<p>Hasta el momento, son 77 los decesos en el \u00e1mbito local, vinculados a la pandemia coronavirus. Hoy se produjo el&hellip;<\/p>\n","protected":false},"author":3,"featured_media":12552,"comment_status":"closed","ping_status":"open","sticky":false,"template":"","format":"standard","meta":{"footnotes":""},"categories":[9],"tags":[66,67,836,1143,1149,1108,1152,1160,1177,548,572],"class_list":["post-13171","post","type-post","status-publish","format-standard","has-post-thumbnail","hentry","category-infosalud","tag-arroyito","tag-arroyito-cordoba","tag-arroyito-online","tag-barbijo","tag-centro-de-emergencias-de-arroyito","tag-coronavirus","tag-covid-19","tag-hisopados","tag-hospital-municipal-carlos-j-rodriguez","tag-muerte","tag-noticias-de-arroyito-y-zona"],"_links":{"self":[{"href":"https:\/\/arroyitoonline.com.ar\/index.php?rest_route=\/wp\/v2\/posts\/13171","targetHints":{"allow":["GET"]}}],"collection":[{"href":"https:\/\/arroyitoonline.com.ar\/index.php?rest_route=\/wp\/v2\/posts"}],"about":[{"href":"https:\/\/arroyitoonline.com.ar\/index.php?rest_route=\/wp\/v2\/types\/post"}],"author":[{"embeddable":true,"href":"https:\/\/arroyitoonline.com.ar\/index.php?rest_route=\/wp\/v2\/users\/3"}],"replies":[{"embeddable":true,"href":"https:\/\/arroyitoonline.com.ar\/index.php?rest_route=%2Fwp%2Fv2%2Fcomments&post=13171"}],"version-history":[{"count":2,"href":"https:\/\/arroyitoonline.com.ar\/index.php?rest_route=\/wp\/v2\/posts\/13171\/revisions"}],"predecessor-version":[{"id":13173,"href":"https:\/\/arroyitoonline.com.ar\/index.php?rest_route=\/wp\/v2\/posts\/13171\/revisions\/13173"}],"wp:featuredmedia":[{"embeddable":true,"href":"https:\/\/arroyitoonline.com.ar\/index.php?rest_route=\/wp\/v2\/media\/12552"}],"wp:attachment":[{"href":"https:\/\/arroyitoonline.com.ar\/index.php?rest_route=%2Fwp%2Fv2%2Fmedia&parent=13171"}],"wp:term":[{"taxonomy":"category","embeddable":true,"href":"https:\/\/arroyitoonline.com.ar\/index.php?rest_route=%2Fwp%2Fv2%2Fcategories&post=13171"},{"taxonomy":"post_tag","embeddable":true,"href":"https:\/\/arroyitoonline.com.ar\/index.php?rest_route=%2Fwp%2Fv2%2Ftags&post=13171"}],"curies":[{"name":"wp","href":"https:\/\/api.w.org\/{rel}","templated":true}]}}