{"id":13190,"date":"2021-07-28T13:05:42","date_gmt":"2021-07-28T13:05:42","guid":{"rendered":"https:\/\/arroyitoonline.com.ar\/?p=13190"},"modified":"2021-07-28T13:05:45","modified_gmt":"2021-07-28T13:05:45","slug":"vacaciones-de-invierno-transmitieron-via-streaming-el-espectaculo-teatral-apapachaditos","status":"publish","type":"post","link":"https:\/\/arroyitoonline.com.ar\/?p=13190","title":{"rendered":"Vacaciones de invierno: transmitieron v\u00eda streaming el espect\u00e1culo teatral &#8220;Apapachaditos&#8221;"},"content":{"rendered":"\n<p><strong>Adem\u00e1s, y para garantizar una mayor llegada a las familias de nuestra ciudad, el evento fue televisado en vivo por Canal 3<\/strong>.<\/p>\n\n\n\n<p>El pasado s\u00e1bado 24 de julio,<strong> se transmiti\u00f3 v\u00eda streaming, el espect\u00e1culo teatral para la primera infancia<\/strong><em> \u201cApapachaditos\u201d<\/em>, del grupo Abriendo Rondas. Fue como parte de la agenda de Vacaciones de Invierno del Gobierno Municipal. <\/p>\n\n\n\n<p>Adem\u00e1s, y para garantizar una mayor llegada a las familias de nuestra ciudad, <strong>el evento fue televisado en vivo por Canal 3 de nuestra ciudad.<\/strong><\/p>\n\n\n\n<p>Se trat\u00f3 de una iniciativa del intendente Gustavo Benedetti y la Direcci\u00f3n de Equidad, a trav\u00e9s del Programa <strong>Mirada 95 Primera Infancia<\/strong>, en el marco de Arroyito Ciudad de Ni\u00f1os y Ni\u00f1as.<\/p>\n\n\n\n<p>Desde el Gobierno Municipal agradecieron <em>&#8220;el apoyo de Fundaci\u00f3n Arcor y el espacio televisivo de Canal 3 cedido por la Cespal&#8221;<\/em>.<\/p>\n\n\n\n<p>Reviv\u00ed el show:<\/p>\n\n\n\n<figure class=\"wp-block-embed-youtube wp-block-embed is-type-video is-provider-youtube wp-embed-aspect-16-9 wp-has-aspect-ratio\"><div class=\"wp-block-embed__wrapper\">\n<div class=\"epyt-video-wrapper\"><iframe loading=\"lazy\"  style=\"display: block; margin: 0px auto;\"  id=\"_ytid_40718\"  width=\"1140\" height=\"641\"  data-origwidth=\"1140\" data-origheight=\"641\" src=\"https:\/\/www.youtube.com\/embed\/idTJc_1M-lw?enablejsapi=1&#038;autoplay=0&#038;cc_load_policy=1&#038;cc_lang_pref=&#038;iv_load_policy=3&#038;loop=0&#038;rel=1&#038;fs=1&#038;playsinline=0&#038;autohide=2&#038;theme=dark&#038;color=red&#038;controls=1&#038;disablekb=0&#038;\" class=\"__youtube_prefs__  epyt-is-override  no-lazyload\" title=\"YouTube player\"  allow=\"fullscreen; accelerometer; autoplay; clipboard-write; encrypted-media; gyroscope; picture-in-picture; web-share\" referrerpolicy=\"strict-origin-when-cross-origin\" allowfullscreen data-no-lazy=\"1\" data-skipgform_ajax_framebjll=\"\"><\/iframe><\/div>\n<\/div><\/figure>\n","protected":false},"excerpt":{"rendered":"<p>Adem\u00e1s, y para garantizar una mayor llegada a las familias de nuestra ciudad, el evento fue televisado en vivo por&hellip;<\/p>\n","protected":false},"author":3,"featured_media":13191,"comment_status":"closed","ping_status":"open","sticky":false,"template":"","format":"standard","meta":{"footnotes":""},"categories":[826,962],"tags":[66,67,836,115,351,862,1102,968,1253,570,572,788],"class_list":["post-13190","post","type-post","status-publish","format-standard","has-post-thumbnail","hentry","category-espectaculos-online","category-ninez-y-adolescencia","tag-arroyito","tag-arroyito-cordoba","tag-arroyito-online","tag-benedetti","tag-espectaculos","tag-espectaculos-online","tag-gobierno-municipal","tag-gustavo-benedetti","tag-mirada-95-primera-infancia","tag-ninez","tag-noticias-de-arroyito-y-zona","tag-vacaciones"],"_links":{"self":[{"href":"https:\/\/arroyitoonline.com.ar\/index.php?rest_route=\/wp\/v2\/posts\/13190","targetHints":{"allow":["GET"]}}],"collection":[{"href":"https:\/\/arroyitoonline.com.ar\/index.php?rest_route=\/wp\/v2\/posts"}],"about":[{"href":"https:\/\/arroyitoonline.com.ar\/index.php?rest_route=\/wp\/v2\/types\/post"}],"author":[{"embeddable":true,"href":"https:\/\/arroyitoonline.com.ar\/index.php?rest_route=\/wp\/v2\/users\/3"}],"replies":[{"embeddable":true,"href":"https:\/\/arroyitoonline.com.ar\/index.php?rest_route=%2Fwp%2Fv2%2Fcomments&post=13190"}],"version-history":[{"count":1,"href":"https:\/\/arroyitoonline.com.ar\/index.php?rest_route=\/wp\/v2\/posts\/13190\/revisions"}],"predecessor-version":[{"id":13193,"href":"https:\/\/arroyitoonline.com.ar\/index.php?rest_route=\/wp\/v2\/posts\/13190\/revisions\/13193"}],"wp:featuredmedia":[{"embeddable":true,"href":"https:\/\/arroyitoonline.com.ar\/index.php?rest_route=\/wp\/v2\/media\/13191"}],"wp:attachment":[{"href":"https:\/\/arroyitoonline.com.ar\/index.php?rest_route=%2Fwp%2Fv2%2Fmedia&parent=13190"}],"wp:term":[{"taxonomy":"category","embeddable":true,"href":"https:\/\/arroyitoonline.com.ar\/index.php?rest_route=%2Fwp%2Fv2%2Fcategories&post=13190"},{"taxonomy":"post_tag","embeddable":true,"href":"https:\/\/arroyitoonline.com.ar\/index.php?rest_route=%2Fwp%2Fv2%2Ftags&post=13190"}],"curies":[{"name":"wp","href":"https:\/\/api.w.org\/{rel}","templated":true}]}}